{"id":3543,"date":"2018-03-24T07:11:44","date_gmt":"2018-03-24T07:11:44","guid":{"rendered":"http:\/\/alfredogarcia.com\/english\/?p=3543"},"modified":"2019-01-22T19:24:00","modified_gmt":"2019-01-22T19:24:00","slug":"die-schopfung-de-j-haydn-24-al-28-de-marzo-de-2018-bogota","status":"publish","type":"post","link":"https:\/\/alfredogarcia.com\/english\/blog\/die-schopfung-de-j-haydn-24-al-28-de-marzo-de-2018-bogota\/","title":{"rendered":"\u201cDie Sch\u00f6pfung\u201d by J. Haydn. March 24- 28,  2018. Bogot\u00e1."},"content":{"rendered":"[et_pb_section fb_built=&#8221;1&#8243; fullwidth=&#8221;on&#8221; custom_padding_last_edited=&#8221;on|desktop&#8221; admin_label=&#8221;section&#8221; _builder_version=&#8221;3.0.74&#8243; custom_padding_tablet=&#8221;50px|0|50px|0&#8243; transparent_background=&#8221;off&#8221; padding_mobile=&#8221;off&#8221;][et_pb_fullwidth_header title=&#8221;%22Die Sch\u00f6pfung%22 by J. Haydn&#8221; subhead=&#8221;Bogot\u00e1.<br \/>\nMarch 24-28, 2018&#8243; header_fullscreen=&#8221;on&#8221; header_scroll_down=&#8221;on&#8221; scroll_down_icon=&#8221;%%1%%&#8221; background_overlay_color=&#8221;rgba(0,0,0,0.2)&#8221; content_orientation=&#8221;bottom&#8221; header_image_url=&#8221;http:\/\/alfredogarcia.com\/english\/wp-content\/uploads\/sites\/5\/2018\/02\/foco.jpg&#8221; _builder_version=&#8221;3.16&#8243; title_font=&#8221;|||on|&#8221; title_font_size=&#8221;33&#8243; content_font_size=&#8221;16&#8243; subhead_font=&#8221;Old Standard TT|on|||&#8221; subhead_font_size=&#8221;20px&#8221; background_color=&#8221;rgba(255, 255, 255, 0)&#8221; background_image=&#8221;http:\/\/alfredogarcia.com\/english\/wp-content\/uploads\/sites\/5\/2018\/02\/AlvaroAlbiachDirector.jpg&#8221; parallax=&#8221;on&#8221; max_width_tablet=&#8221;50px&#8221; button_one_text_size__hover_enabled=&#8221;off&#8221; button_two_text_size__hover_enabled=&#8221;off&#8221; button_one_text_color__hover_enabled=&#8221;off&#8221; button_two_text_color__hover_enabled=&#8221;off&#8221; button_one_border_width__hover_enabled=&#8221;off&#8221; button_two_border_width__hover_enabled=&#8221;off&#8221; button_one_border_color__hover_enabled=&#8221;off&#8221; button_two_border_color__hover_enabled=&#8221;off&#8221; button_one_border_radius__hover_enabled=&#8221;off&#8221; button_two_border_radius__hover_enabled=&#8221;off&#8221; button_one_letter_spacing__hover_enabled=&#8221;off&#8221; button_two_letter_spacing__hover_enabled=&#8221;off&#8221; button_one_bg_color__hover_enabled=&#8221;off&#8221; button_two_bg_color__hover_enabled=&#8221;off&#8221;]___________________________________________________<\/p>\n<ul>\n<li style=\"font-weight: 400;\">March 24 \u2013 Iglesia Santo Domingo. Convento Santo Domingo. (3:00 pm)<\/li>\n<li style=\"font-weight: 400;\">March\u00a0 26 \u2013 Catedral Primada de Bogot\u00e1 (6:00 pm)<\/li>\n<li style=\"font-weight: 400;\">March 27 &#8211;\u00a0Parroquia de Nuestra Se\u00f1ora del Perpetuo Socorro (6:00 pm)<\/li>\n<li style=\"font-weight: 400;\">March 28 \u2013 Iglesia Inmaculado Coraz\u00f3n de Mar\u00eda &#8211; Claret (6:00 pm)<\/li>\n<\/ul>\n<p>&nbsp;<\/p>\n<p><b>Alfredo Garc\u00eda,<\/b>\u00a0bar\u00edtone<\/p>\n<p><strong>Orquesta Filarm\u00f3nica de Bogot\u00e1<\/strong><\/p>\n<p><strong>Coro Filarm\u00f3nico Juvenil<\/strong><\/p>\n<p><strong>Diana Carolina Cifuentes,\u00a0<\/strong>conductor<\/p>\n<p><strong>Sociedad Coral Santa Cecilia<\/strong><\/p>\n<p><strong>B\u00e1rbara de Martiis<\/strong>, conductor<\/p>\n<p><b>\u00c1lvaro Albiach<\/b>, conductor<\/p>\n<p>&nbsp;<\/p>\n<p>In collaboration with Acci\u00f3n Cultural Espa\u00f1ola<\/p>\n<p><a href=\"https:\/\/www.accioncultural.es\/es\/foco_cultura_espa_a_colombia_2018_2019\">Foco Cultura Espa\u00f1a-Colombia 2018-2019<\/a><br \/>\n[\/et_pb_fullwidth_header][\/et_pb_section][et_pb_section fb_built=&#8221;1&#8243; admin_label=&#8221;Section &#8211; Grand Person Module&#8221; module_class=&#8221;pixie_person_1&#8243; _builder_version=&#8221;3.0.89&#8243; collapsed=&#8221;off&#8221;][et_pb_row use_custom_width=&#8221;on&#8221; custom_width_px=&#8221;1175px&#8221; custom_padding=&#8221;7.1vw||1vw|&#8221; custom_css_main_1=&#8221; margin-bottom: 0;&#8221; admin_label=&#8221;Row &#8211; Grand Person Module&#8221; _builder_version=&#8221;3.0.85&#8243;][et_pb_column type=&#8221;4_4&#8243; _builder_version=&#8221;3.0.47&#8243; parallax=&#8221;off&#8221; parallax_method=&#8221;on&#8221; custom_css_main=&#8221; margin-bottom: 0;&#8221;][et_pb_cta title=&#8221;J. Haydn &#8211; Die Sch\u00f6pfung&#8221; admin_label=&#8221;Our Executive Team&#8221; _builder_version=&#8221;3.16&#8243; header_font=&#8221;Playfair Display||||&#8221; header_text_align=&#8221;center&#8221; header_text_color=&#8221;#a7a7a7&#8243; header_font_size=&#8221;42&#8243; header_font_size_tablet=&#8221;36&#8243; header_font_size_phone=&#8221;26&#8243; header_font_size_last_edited=&#8221;on|phone&#8221; body_font=&#8221;Lato||||&#8221; body_text_align=&#8221;center&#8221; body_text_color=&#8221;#a7a7a7&#8243; body_font_size=&#8221;20&#8243; body_font_size_tablet=&#8221;18&#8243; body_font_size_phone=&#8221;16&#8243; body_font_size_last_edited=&#8221;on|phone&#8221; use_background_color=&#8221;off&#8221; background_layout=&#8221;light&#8221; custom_margin=&#8221;-100px|||&#8221; custom_padding=&#8221;|||&#8221; custom_css_promo_title=&#8221; font-weight: 400;||padding-bottom: 23px;&#8221; button_text_size__hover_enabled=&#8221;off&#8221; button_one_text_size__hover_enabled=&#8221;off&#8221; button_two_text_size__hover_enabled=&#8221;off&#8221; button_text_color__hover_enabled=&#8221;off&#8221; button_one_text_color__hover_enabled=&#8221;off&#8221; button_two_text_color__hover_enabled=&#8221;off&#8221; button_border_width__hover_enabled=&#8221;off&#8221; button_one_border_width__hover_enabled=&#8221;off&#8221; button_two_border_width__hover_enabled=&#8221;off&#8221; button_border_color__hover_enabled=&#8221;off&#8221; button_one_border_color__hover_enabled=&#8221;off&#8221; button_two_border_color__hover_enabled=&#8221;off&#8221; button_border_radius__hover_enabled=&#8221;off&#8221; button_one_border_radius__hover_enabled=&#8221;off&#8221; button_two_border_radius__hover_enabled=&#8221;off&#8221; button_letter_spacing__hover_enabled=&#8221;off&#8221; button_one_letter_spacing__hover_enabled=&#8221;off&#8221; button_two_letter_spacing__hover_enabled=&#8221;off&#8221; button_bg_color__hover_enabled=&#8221;off&#8221; button_one_bg_color__hover_enabled=&#8221;off&#8221; button_two_bg_color__hover_enabled=&#8221;off&#8221;][\/et_pb_cta][\/et_pb_column][\/et_pb_row][et_pb_row use_custom_width=&#8221;on&#8221; custom_width_px=&#8221;1175px&#8221; use_custom_gutter=&#8221;on&#8221; gutter_width=&#8221;2&#8243; custom_padding=&#8221;||7.1vw|&#8221; custom_margin=&#8221;-100px|||&#8221; admin_label=&#8221;Row &#8211; Grand Person Module&#8221; _builder_version=&#8221;3.0.106&#8243; custom_css_main_element=&#8221;width: 100% !important;||&#8221;][et_pb_column type=&#8221;1_4&#8243; _builder_version=&#8221;3.0.47&#8243; parallax=&#8221;off&#8221; parallax_method=&#8221;on&#8221;][et_pb_team_member name=&#8221;Claudia Guar\u00edn&#8221; position=&#8221;Soprano&#8221; image_url=&#8221;http:\/\/alfredogarcia.com\/wp-content\/uploads\/2018\/03\/guarin_claudia-1-1-2.jpeg&#8221; icon_color=&#8221;#a7a7a7&#8243; admin_label=&#8221;Grand Person Module 1 &#8211; Image 370&#215;550 Pixels&#8221; _builder_version=&#8221;3.0.106&#8243; header_font=&#8221;Playfair Display||on||&#8221; header_text_align=&#8221;center&#8221; header_text_color=&#8221;#141414&#8243; header_font_size=&#8221;24&#8243; body_font=&#8221;Lato||||&#8221; body_text_align=&#8221;center&#8221; body_text_color=&#8221;#a7a7a7&#8243; body_font_size=&#8221;16&#8243; text_orientation=&#8221;center&#8221; background_layout=&#8221;dark&#8221; custom_padding=&#8221;51px|2.2vw|36px|2.2vw&#8221; custom_css_main_element=&#8221;border: 1px solid #dcdcdc;||cursor: pointer;||overflow: hidden;&#8221; custom_css_member_image=&#8221;border-radius: 50%;|| height: 185px;|| overflow: hidden;|| text-align: center;|| width: 185px;|| z-index: 1;|| margin: 0 auto 23px !important;&#8221; custom_css_member_description=&#8221; width: 100%;&#8221; custom_css_title=&#8221; padding-bottom: 10px;|| font-weight: 400;&#8221; custom_css_member_position=&#8221; text-transform: uppercase;|| font-size: 18px;|| padding-bottom: 20px;&#8221; custom_css_member_social_links=&#8221; margin-top: 38px;&#8221;]<a href=\"http:\/\/www.claudiaguarin.com\/\">www.claudiaguarin.com<\/a><br \/>\n[\/et_pb_team_member][\/et_pb_column][et_pb_column type=&#8221;1_4&#8243; _builder_version=&#8221;3.0.47&#8243; parallax=&#8221;off&#8221; parallax_method=&#8221;on&#8221;][et_pb_team_member name=&#8221;David Alegret&#8221; position=&#8221;Tenor&#8221; image_url=&#8221;http:\/\/alfredogarcia.com\/wp-content\/uploads\/2018\/03\/b_800_600_0_00___images_artImages_david_alegret_David_Alegret-Il_Turco_in_Italia-Gran_Teatre_del_Liceu_Barcellona__A_Bofill_2014_12-2.jpg&#8221; icon_color=&#8221;#a7a7a7&#8243; admin_label=&#8221;Grand Person Module 2 &#8211; Image 370&#215;550 Pixels&#8221; _builder_version=&#8221;3.0.106&#8243; header_font=&#8221;Playfair Display||on||&#8221; header_text_align=&#8221;center&#8221; header_text_color=&#8221;#141414&#8243; header_font_size=&#8221;24&#8243; body_font=&#8221;Lato||||&#8221; body_text_align=&#8221;center&#8221; body_text_color=&#8221;#a7a7a7&#8243; body_font_size=&#8221;16&#8243; text_orientation=&#8221;center&#8221; background_layout=&#8221;dark&#8221; custom_padding=&#8221;51px|2.2vw|36px|2.2vw&#8221; custom_css_main_element=&#8221;border: 1px solid #dcdcdc;||cursor: pointer;||overflow: hidden;&#8221; custom_css_member_image=&#8221;border-radius: 50%;|| height: 185px;|| overflow: hidden;|| text-align: center;|| width: 185px;|| z-index: 1;|| margin: 0 auto 23px !important;&#8221; custom_css_member_description=&#8221; width: 100%;&#8221; custom_css_title=&#8221; padding-bottom: 10px;|| font-weight: 400;&#8221; custom_css_member_position=&#8221; text-transform: uppercase;|| font-size: 18px;|| padding-bottom: 20px;&#8221; custom_css_member_social_links=&#8221; margin-top: 38px;&#8221;]<a href=\"http:\/\/www.davidalegret.com\">www.davidalegret.com<\/a><br \/>\n[\/et_pb_team_member][\/et_pb_column][et_pb_column type=&#8221;1_4&#8243; _builder_version=&#8221;3.0.47&#8243; parallax=&#8221;off&#8221; parallax_method=&#8221;on&#8221;][et_pb_team_member name=&#8221;Alfredo Garc\u00eda&#8221; position=&#8221;Bar\u00edtono&#8221; image_url=&#8221;http:\/\/alfredogarcia.com\/wp-content\/uploads\/2018\/03\/Alfredo-Garc\u00eda-HR-1-3.jpg&#8221; facebook_url=&#8221;https:\/\/www.facebook.com\/alfredogarciabaritone\/&#8221; twitter_url=&#8221;https:\/\/twitter.com\/AlfredoGarciabr?lang=es&#8221; icon_color=&#8221;#a7a7a7&#8243; admin_label=&#8221;Grand Person Module 3 &#8211; Image 370&#215;550 Pixels&#8221; _builder_version=&#8221;3.0.106&#8243; header_font=&#8221;Playfair Display||on||&#8221; header_text_align=&#8221;center&#8221; header_text_color=&#8221;#141414&#8243; header_font_size=&#8221;24&#8243; body_font=&#8221;Lato||||&#8221; body_text_align=&#8221;center&#8221; body_text_color=&#8221;#a7a7a7&#8243; body_font_size=&#8221;16&#8243; text_orientation=&#8221;center&#8221; background_layout=&#8221;dark&#8221; custom_padding=&#8221;51px|2.2vw|36px|2.2vw&#8221; custom_css_main_element=&#8221;border: 1px solid #dcdcdc;||cursor: pointer;||overflow: hidden;&#8221; custom_css_member_image=&#8221;border-radius: 50%;|| height: 185px;|| overflow: hidden;|| text-align: center;|| width: 185px;|| z-index: 1;|| margin: 0 auto 23px !important;&#8221; custom_css_member_description=&#8221; width: 100%;&#8221; custom_css_title=&#8221; padding-bottom: 10px;|| font-weight: 400;&#8221; custom_css_member_position=&#8221; text-transform: uppercase;|| font-size: 18px;|| padding-bottom: 20px;&#8221; custom_css_member_social_links=&#8221; margin-top: 38px;&#8221;]<a href=\"http:\/\/alfredogarcia.com\/\">www.alfredogarcia.com<\/a><br \/>\n[\/et_pb_team_member][\/et_pb_column][et_pb_column type=&#8221;1_4&#8243; _builder_version=&#8221;3.0.47&#8243; parallax=&#8221;off&#8221; parallax_method=&#8221;on&#8221;][et_pb_team_member name=&#8221;\u00c1lvaro Albiach&#8221; position=&#8221;Director&#8221; image_url=&#8221;http:\/\/alfredogarcia.com\/wp-content\/uploads\/2018\/03\/149_alvaroalbiach_300px.jpg&#8221; twitter_url=&#8221;https:\/\/twitter.com\/albiachf?lang=de&#8221; icon_color=&#8221;#a7a7a7&#8243; admin_label=&#8221;Grand Person Module 3 &#8211; Image 370&#215;550 Pixels&#8221; _builder_version=&#8221;3.0.106&#8243; header_font=&#8221;Playfair Display||on||&#8221; header_text_align=&#8221;center&#8221; header_text_color=&#8221;#141414&#8243; header_font_size=&#8221;24&#8243; body_font=&#8221;Lato||||&#8221; body_text_align=&#8221;center&#8221; body_text_color=&#8221;#a7a7a7&#8243; body_font_size=&#8221;16&#8243; text_orientation=&#8221;center&#8221; background_layout=&#8221;dark&#8221; custom_padding=&#8221;51px|2.2vw|36px|2.2vw&#8221; custom_css_main_element=&#8221;border: 1px solid #dcdcdc;||cursor: pointer;||overflow: hidden;&#8221; custom_css_member_image=&#8221;border-radius: 50%;|| height: 185px;|| overflow: hidden;|| text-align: center;|| width: 185px;|| z-index: 1;|| margin: 0 auto 23px !important;&#8221; custom_css_member_description=&#8221; width: 100%;&#8221; custom_css_title=&#8221; padding-bottom: 10px;|| font-weight: 400;&#8221; custom_css_member_position=&#8221; text-transform: uppercase;|| font-size: 18px;|| padding-bottom: 20px;&#8221; custom_css_member_social_links=&#8221; margin-top: 38px;&#8221;]<a href=\"http:\/\/www.alvaroalbiach.es\/index.php?lang=es\">www.alvaroalbiach.es<\/a><br \/>\n[\/et_pb_team_member][\/et_pb_column][\/et_pb_row][\/et_pb_section]\n","protected":false},"excerpt":{"rendered":"<p>Alfredo Garc\u00eda, baritone<\/p>\n<p>Orquesta Filarm\u00f3nica de Bogot\u00e1<\/p>\n<p>Alvaro Albiach, conductor<\/p>\n","protected":false},"author":1,"featured_media":3566,"comment_status":"open","ping_status":"open","sticky":false,"template":"","format":"standard","meta":{"_et_pb_use_builder":"on","_et_pb_old_content":"","_et_gb_content_width":"","_mi_skip_tracking":false,"_links_to":"","_links_to_target":""},"categories":[14],"tags":[],"yoast_head":"<!-- This site is optimized with the Yoast SEO plugin v20.3 - https:\/\/yoast.com\/wordpress\/plugins\/seo\/ -->\n<title>Die Sch\u00f6pfung de J. Haydn. 24- 28 marzo 2018. Alfredo Garc\u00eda bar\u00edtono<\/title>\n<meta name=\"description\" content=\"Die Sch\u00f6pfung by J. Haydn. March 24-28, 2018. Bogot\u00e1. . Bogot\u00e1. Alfredo Garc\u00eda, baritone. Alvaro Albiach, conductor.\" \/>\n<meta name=\"robots\" content=\"index, follow, max-snippet:-1, max-image-preview:large, max-video-preview:-1\" \/>\n<link rel=\"canonical\" href=\"https:\/\/alfredogarcia.com\/english\/blog\/die-schopfung-de-j-haydn-24-al-28-de-marzo-de-2018-bogota\/\" \/>\n<meta property=\"og:locale\" content=\"en_US\" \/>\n<meta property=\"og:type\" content=\"article\" \/>\n<meta property=\"og:title\" content=\"Die Sch\u00f6pfung de J. Haydn. 24- 28 marzo 2018. Alfredo Garc\u00eda bar\u00edtono\" \/>\n<meta property=\"og:description\" content=\"Die Sch\u00f6pfung by J. Haydn. March 24-28, 2018. Bogot\u00e1. . Bogot\u00e1. Alfredo Garc\u00eda, baritone. Alvaro Albiach, conductor.\" \/>\n<meta property=\"og:url\" content=\"https:\/\/alfredogarcia.com\/english\/blog\/die-schopfung-de-j-haydn-24-al-28-de-marzo-de-2018-bogota\/\" \/>\n<meta property=\"og:site_name\" content=\"Alfredo Garc\u00eda\" \/>\n<meta property=\"article:published_time\" content=\"2018-03-24T07:11:44+00:00\" \/>\n<meta property=\"article:modified_time\" content=\"2019-01-22T19:24:00+00:00\" \/>\n<meta property=\"og:image\" content=\"https:\/\/alfredogarcia.com\/english\/wp-content\/uploads\/sites\/5\/2018\/02\/AlvaroAlbiachDirector.jpg\" \/>\n\t<meta property=\"og:image:width\" content=\"880\" \/>\n\t<meta property=\"og:image:height\" content=\"440\" \/>\n\t<meta property=\"og:image:type\" content=\"image\/jpeg\" \/>\n<meta name=\"author\" content=\"Alfredo Garc\u00eda\" \/>\n<meta name=\"twitter:card\" content=\"summary_large_image\" \/>\n<meta name=\"twitter:label1\" content=\"Written by\" \/>\n\t<meta name=\"twitter:data1\" content=\"Alfredo Garc\u00eda\" \/>\n\t<meta name=\"twitter:label2\" content=\"Est. reading time\" \/>\n\t<meta name=\"twitter:data2\" content=\"7 minutes\" \/>\n<script type=\"application\/ld+json\" class=\"yoast-schema-graph\">{\"@context\":\"https:\/\/schema.org\",\"@graph\":[{\"@type\":\"WebPage\",\"@id\":\"https:\/\/alfredogarcia.com\/english\/blog\/die-schopfung-de-j-haydn-24-al-28-de-marzo-de-2018-bogota\/\",\"url\":\"https:\/\/alfredogarcia.com\/english\/blog\/die-schopfung-de-j-haydn-24-al-28-de-marzo-de-2018-bogota\/\",\"name\":\"Die Sch\u00f6pfung de J. Haydn. 24- 28 marzo 2018. Alfredo Garc\u00eda bar\u00edtono\",\"isPartOf\":{\"@id\":\"https:\/\/alfredogarcia.com\/english\/#website\"},\"datePublished\":\"2018-03-24T07:11:44+00:00\",\"dateModified\":\"2019-01-22T19:24:00+00:00\",\"author\":{\"@id\":\"https:\/\/alfredogarcia.com\/english\/#\/schema\/person\/f1c2e0d40fcd4deaa92f7585f4661c78\"},\"description\":\"Die Sch\u00f6pfung by J. Haydn. March 24-28, 2018. Bogot\u00e1. . Bogot\u00e1. Alfredo Garc\u00eda, baritone. Alvaro Albiach, conductor.\",\"breadcrumb\":{\"@id\":\"https:\/\/alfredogarcia.com\/english\/blog\/die-schopfung-de-j-haydn-24-al-28-de-marzo-de-2018-bogota\/#breadcrumb\"},\"inLanguage\":\"en-US\",\"potentialAction\":[{\"@type\":\"ReadAction\",\"target\":[\"https:\/\/alfredogarcia.com\/english\/blog\/die-schopfung-de-j-haydn-24-al-28-de-marzo-de-2018-bogota\/\"]}]},{\"@type\":\"BreadcrumbList\",\"@id\":\"https:\/\/alfredogarcia.com\/english\/blog\/die-schopfung-de-j-haydn-24-al-28-de-marzo-de-2018-bogota\/#breadcrumb\",\"itemListElement\":[{\"@type\":\"ListItem\",\"position\":1,\"name\":\"Portada\",\"item\":\"https:\/\/alfredogarcia.com\/english\/\"},{\"@type\":\"ListItem\",\"position\":2,\"name\":\"\u201cDie Sch\u00f6pfung\u201d by J. Haydn. March 24- 28, 2018. Bogot\u00e1.\"}]},{\"@type\":\"WebSite\",\"@id\":\"https:\/\/alfredogarcia.com\/english\/#website\",\"url\":\"https:\/\/alfredogarcia.com\/english\/\",\"name\":\"Alfredo Garc\u00eda\",\"description\":\"Bar\u00edtone\",\"potentialAction\":[{\"@type\":\"SearchAction\",\"target\":{\"@type\":\"EntryPoint\",\"urlTemplate\":\"https:\/\/alfredogarcia.com\/english\/?s={search_term_string}\"},\"query-input\":\"required name=search_term_string\"}],\"inLanguage\":\"en-US\"},{\"@type\":\"Person\",\"@id\":\"https:\/\/alfredogarcia.com\/english\/#\/schema\/person\/f1c2e0d40fcd4deaa92f7585f4661c78\",\"name\":\"Alfredo Garc\u00eda\",\"image\":{\"@type\":\"ImageObject\",\"inLanguage\":\"en-US\",\"@id\":\"https:\/\/alfredogarcia.com\/english\/#\/schema\/person\/image\/\",\"url\":\"https:\/\/secure.gravatar.com\/avatar\/3bab137e283fa6ad0711e570e917daed?s=96&d=mm&r=g\",\"contentUrl\":\"https:\/\/secure.gravatar.com\/avatar\/3bab137e283fa6ad0711e570e917daed?s=96&d=mm&r=g\",\"caption\":\"Alfredo Garc\u00eda\"},\"url\":\"https:\/\/alfredogarcia.com\/english\/blog\/author\/similaresoldofa\/\"}]}<\/script>\n<!-- \/ Yoast SEO plugin. -->","yoast_head_json":{"title":"Die Sch\u00f6pfung de J. Haydn. 24- 28 marzo 2018. Alfredo Garc\u00eda bar\u00edtono","description":"Die Sch\u00f6pfung by J. Haydn. March 24-28, 2018. Bogot\u00e1. . Bogot\u00e1. Alfredo Garc\u00eda, baritone. Alvaro Albiach, conductor.","robots":{"index":"index","follow":"follow","max-snippet":"max-snippet:-1","max-image-preview":"max-image-preview:large","max-video-preview":"max-video-preview:-1"},"canonical":"https:\/\/alfredogarcia.com\/english\/blog\/die-schopfung-de-j-haydn-24-al-28-de-marzo-de-2018-bogota\/","og_locale":"en_US","og_type":"article","og_title":"Die Sch\u00f6pfung de J. Haydn. 24- 28 marzo 2018. Alfredo Garc\u00eda bar\u00edtono","og_description":"Die Sch\u00f6pfung by J. Haydn. March 24-28, 2018. Bogot\u00e1. . Bogot\u00e1. Alfredo Garc\u00eda, baritone. Alvaro Albiach, conductor.","og_url":"https:\/\/alfredogarcia.com\/english\/blog\/die-schopfung-de-j-haydn-24-al-28-de-marzo-de-2018-bogota\/","og_site_name":"Alfredo Garc\u00eda","article_published_time":"2018-03-24T07:11:44+00:00","article_modified_time":"2019-01-22T19:24:00+00:00","og_image":[{"width":880,"height":440,"url":"https:\/\/alfredogarcia.com\/english\/wp-content\/uploads\/sites\/5\/2018\/02\/AlvaroAlbiachDirector.jpg","type":"image\/jpeg"}],"author":"Alfredo Garc\u00eda","twitter_card":"summary_large_image","twitter_misc":{"Written by":"Alfredo Garc\u00eda","Est. reading time":"7 minutes"},"schema":{"@context":"https:\/\/schema.org","@graph":[{"@type":"WebPage","@id":"https:\/\/alfredogarcia.com\/english\/blog\/die-schopfung-de-j-haydn-24-al-28-de-marzo-de-2018-bogota\/","url":"https:\/\/alfredogarcia.com\/english\/blog\/die-schopfung-de-j-haydn-24-al-28-de-marzo-de-2018-bogota\/","name":"Die Sch\u00f6pfung de J. Haydn. 24- 28 marzo 2018. Alfredo Garc\u00eda bar\u00edtono","isPartOf":{"@id":"https:\/\/alfredogarcia.com\/english\/#website"},"datePublished":"2018-03-24T07:11:44+00:00","dateModified":"2019-01-22T19:24:00+00:00","author":{"@id":"https:\/\/alfredogarcia.com\/english\/#\/schema\/person\/f1c2e0d40fcd4deaa92f7585f4661c78"},"description":"Die Sch\u00f6pfung by J. Haydn. March 24-28, 2018. Bogot\u00e1. . Bogot\u00e1. Alfredo Garc\u00eda, baritone. Alvaro Albiach, conductor.","breadcrumb":{"@id":"https:\/\/alfredogarcia.com\/english\/blog\/die-schopfung-de-j-haydn-24-al-28-de-marzo-de-2018-bogota\/#breadcrumb"},"inLanguage":"en-US","potentialAction":[{"@type":"ReadAction","target":["https:\/\/alfredogarcia.com\/english\/blog\/die-schopfung-de-j-haydn-24-al-28-de-marzo-de-2018-bogota\/"]}]},{"@type":"BreadcrumbList","@id":"https:\/\/alfredogarcia.com\/english\/blog\/die-schopfung-de-j-haydn-24-al-28-de-marzo-de-2018-bogota\/#breadcrumb","itemListElement":[{"@type":"ListItem","position":1,"name":"Portada","item":"https:\/\/alfredogarcia.com\/english\/"},{"@type":"ListItem","position":2,"name":"\u201cDie Sch\u00f6pfung\u201d by J. Haydn. March 24- 28, 2018. Bogot\u00e1."}]},{"@type":"WebSite","@id":"https:\/\/alfredogarcia.com\/english\/#website","url":"https:\/\/alfredogarcia.com\/english\/","name":"Alfredo Garc\u00eda","description":"Bar\u00edtone","potentialAction":[{"@type":"SearchAction","target":{"@type":"EntryPoint","urlTemplate":"https:\/\/alfredogarcia.com\/english\/?s={search_term_string}"},"query-input":"required name=search_term_string"}],"inLanguage":"en-US"},{"@type":"Person","@id":"https:\/\/alfredogarcia.com\/english\/#\/schema\/person\/f1c2e0d40fcd4deaa92f7585f4661c78","name":"Alfredo Garc\u00eda","image":{"@type":"ImageObject","inLanguage":"en-US","@id":"https:\/\/alfredogarcia.com\/english\/#\/schema\/person\/image\/","url":"https:\/\/secure.gravatar.com\/avatar\/3bab137e283fa6ad0711e570e917daed?s=96&d=mm&r=g","contentUrl":"https:\/\/secure.gravatar.com\/avatar\/3bab137e283fa6ad0711e570e917daed?s=96&d=mm&r=g","caption":"Alfredo Garc\u00eda"},"url":"https:\/\/alfredogarcia.com\/english\/blog\/author\/similaresoldofa\/"}]}},"_links":{"self":[{"href":"https:\/\/alfredogarcia.com\/english\/wp-json\/wp\/v2\/posts\/3543"}],"collection":[{"href":"https:\/\/alfredogarcia.com\/english\/wp-json\/wp\/v2\/posts"}],"about":[{"href":"https:\/\/alfredogarcia.com\/english\/wp-json\/wp\/v2\/types\/post"}],"author":[{"embeddable":true,"href":"https:\/\/alfredogarcia.com\/english\/wp-json\/wp\/v2\/users\/1"}],"replies":[{"embeddable":true,"href":"https:\/\/alfredogarcia.com\/english\/wp-json\/wp\/v2\/comments?post=3543"}],"version-history":[{"count":8,"href":"https:\/\/alfredogarcia.com\/english\/wp-json\/wp\/v2\/posts\/3543\/revisions"}],"predecessor-version":[{"id":209758,"href":"https:\/\/alfredogarcia.com\/english\/wp-json\/wp\/v2\/posts\/3543\/revisions\/209758"}],"wp:featuredmedia":[{"embeddable":true,"href":"https:\/\/alfredogarcia.com\/english\/wp-json\/wp\/v2\/media\/3566"}],"wp:attachment":[{"href":"https:\/\/alfredogarcia.com\/english\/wp-json\/wp\/v2\/media?parent=3543"}],"wp:term":[{"taxonomy":"category","embeddable":true,"href":"https:\/\/alfredogarcia.com\/english\/wp-json\/wp\/v2\/categories?post=3543"},{"taxonomy":"post_tag","embeddable":true,"href":"https:\/\/alfredogarcia.com\/english\/wp-json\/wp\/v2\/tags?post=3543"}],"curies":[{"name":"wp","href":"https:\/\/api.w.org\/{rel}","templated":true}]}}