{"id":3421,"date":"2017-10-19T15:34:01","date_gmt":"2017-10-19T15:34:01","guid":{"rendered":"http:\/\/alfredogarcia.com\/english\/?p=3421"},"modified":"2018-04-17T16:13:09","modified_gmt":"2018-04-17T16:13:09","slug":"ivan-terrible-prokofiev-awards-princess-asturias-closing-concert-19-october-2017","status":"publish","type":"post","link":"https:\/\/alfredogarcia.com\/english\/blog\/ivan-terrible-prokofiev-awards-princess-asturias-closing-concert-19-october-2017\/","title":{"rendered":"&#8220;Ivan the Terrible&#8221; by Prokofiev. Awards Princess of Asturias. Closing Concert"},"content":{"rendered":"[et_pb_section bb_built=&#8221;1&#8243; admin_label=&#8221;section&#8221; fullwidth=&#8221;on&#8221; custom_padding_last_edited=&#8221;on|desktop&#8221; _builder_version=&#8221;3.0.51&#8243; custom_padding_tablet=&#8221;50px|0|50px|0&#8243; transparent_background=&#8221;off&#8221; padding_mobile=&#8221;off&#8221; prev_background_color=&#8221;#000000&#8243; next_background_color=&#8221;#ffffff&#8221;][et_pb_fullwidth_header admin_label=&#8221;T\u00edtulo de anchura completa&#8221; title=&#8221;Iv\u00e1n the Terrible<br \/>\nSergei Prokofiev&#8221; subhead=&#8221;Awards Princess of Asturias. Closing Concert 19 October 2017<br \/>\nAuditorio Pr\u00edncipe Felipe de Oviedo<br \/>\nThe concert will be be honoured by the presence of Their Majesties<br \/>\nthe King and Queen of Spain, don Felipe and do\u00f1a Letizia&#8221; background_layout=&#8221;dark&#8221; header_fullscreen=&#8221;on&#8221; header_scroll_down=&#8221;on&#8221; scroll_down_icon=&#8221;%%1%%&#8221; background_overlay_color=&#8221;rgba(0,0,0,0.2)&#8221; content_orientation=&#8221;bottom&#8221; header_image_url=&#8221;http:\/\/alfredogarcia.com\/english\/wp-content\/uploads\/sites\/5\/2015\/07\/Noticia_55.jpg&#8221; _builder_version=&#8221;3.0.106&#8243; title_font=&#8221;|||on|&#8221; title_font_size=&#8221;33&#8243; content_font_size=&#8221;16&#8243; subhead_font=&#8221;Old Standard TT|on|||&#8221; subhead_font_size=&#8221;20px&#8221; background_image=&#8221;http:\/\/alfredogarcia.com\/english\/wp-content\/uploads\/sites\/5\/2017\/12\/IMG_4782.jpg&#8221; parallax=&#8221;on&#8221; image_orientation=&#8221;center&#8221; custom_button_two=&#8221;off&#8221; button_two_icon_placement=&#8221;right&#8221; custom_button_one=&#8221;off&#8221; button_one_icon_placement=&#8221;right&#8221;]\n<p>___________________________________________________<\/p>\n<p><strong>Mar\u00eda Luisa Corbacho<\/strong>, mezzo-soprano<\/p>\n<p><b>Alfredo Garc\u00eda,<\/b>\u00a0baritone<\/p>\n<p>&nbsp;<\/p>\n<p><strong>OVIEDO FILARMON\u00cdA<\/strong><\/p>\n<p><strong>CORO DE LA FUNDACI\u00d3N PRINCESA DE ASTURIAS<\/strong><\/p>\n<p>&nbsp;<\/p>\n<p><b>Miquel Ortega<\/b>, conductor<\/p>\n[\/et_pb_fullwidth_header][\/et_pb_section][et_pb_section bb_built=&#8221;1&#8243; admin_label=&#8221;Secci\u00f3n&#8221; _builder_version=&#8221;3.0.47&#8243; prev_background_color=&#8221;#000000&#8243;][et_pb_row admin_label=&#8221;Fila&#8221; _builder_version=&#8221;3.0.47&#8243; background_size=&#8221;initial&#8221; background_position=&#8221;top_left&#8221; background_repeat=&#8221;repeat&#8221; _i=&#8221;0&#8243; _address=&#8221;1.0&#8243;][et_pb_column type=&#8221;1_2&#8243;][et_pb_testimonial admin_label=&#8221;Recomendaci\u00f3n&#8221; author=&#8221;%22Iv\u00e1n el Terrible%22 by Prokovief&#8221; job_title=&#8221;Franco Torre&#8221; company_name=&#8221;La Nueva Espa\u00f1a&#8221; url=&#8221;http:\/\/alfredogarcia.com\/wp-content\/uploads\/2017\/10\/La-m\u00fasica-sobrevive-a-la-pol\u00edtica-La-Nueva-Espa\u00f1a-Diario-Independiente-de-Asturias.pdf&#8221; portrait_url=&#8221;http:\/\/alfredogarcia.com\/wp-content\/uploads\/2017\/10\/IMG_4667.jpg&#8221; background_layout=&#8221;light&#8221; box_shadow_style_image=&#8221;preset2&#8243; _builder_version=&#8221;3.0.106&#8243; box_shadow_style=&#8221;preset2&#8243; custom_padding=&#8221;||37px|&#8221; custom_margin=&#8221;|||&#8221; border_radii_portrait=&#8221;on||||&#8221; url_new_window=&#8221;off&#8221; quote_icon=&#8221;on&#8221; use_background_color=&#8221;on&#8221; quote_icon_background_color=&#8221;#f5f5f5&#8243;]\n<h3 style=\"text-align: center;\"><b>In the press<\/b><\/h3>\n<p>A versatility that the soloists reflected better than anyone: &#8230; the baritone Alfredo Garc\u00eda, vigorous and expansive<\/p>\n<p>&nbsp;<\/p>\n[\/et_pb_testimonial][\/et_pb_column][et_pb_column type=&#8221;1_2&#8243;][et_pb_testimonial admin_label=&#8221;Recomendaci\u00f3n&#8221; author=&#8221;%22Iv\u00e1n el Terrible%22 by Prokovief&#8221; job_title=&#8221;Aurelio Seco&#8221; company_name=&#8221;Codalario&#8221; url=&#8221;http:\/\/alfredogarcia.com\/wp-content\/uploads\/2017\/10\/Codalario-Iv\u00e1n-el-Terrible-Prokofiev.pdf&#8221; portrait_url=&#8221;http:\/\/alfredogarcia.com\/english\/wp-content\/uploads\/sites\/5\/2015\/07\/IMG_4700.jpg&#8221; background_layout=&#8221;light&#8221; box_shadow_style_image=&#8221;preset2&#8243; _builder_version=&#8221;3.0.106&#8243; box_shadow_style=&#8221;preset2&#8243; border_radii_portrait=&#8221;on||||&#8221; url_new_window=&#8221;off&#8221; quote_icon=&#8221;on&#8221; use_background_color=&#8221;on&#8221; quote_icon_background_color=&#8221;#f5f5f5&#8243;]\n<h3 style=\"text-align: center;\"><b>In the press<\/b><\/h3>\n<div dir=\"ltr\">\n<div>&#8230; Alfredo Garc\u00eda lived up to it &#8230; he was passionate and generous in his interpretation, in difficult moments for the voice, which must face a great sound mass. The participation of both was attractive.<\/div>\n<\/div>\n<div class=\"gmail_extra\">\n<div>\n<div class=\"m_3366769515047830675gmail_signature\" data-smartmail=\"gmail_signature\">\n<div dir=\"ltr\">\n<div dir=\"ltr\"><\/div>\n<\/div>\n<\/div>\n<\/div>\n<\/div>\n[\/et_pb_testimonial][\/et_pb_column][\/et_pb_row][et_pb_row admin_label=&#8221;Fila&#8221; make_fullwidth=&#8221;on&#8221; use_custom_gutter=&#8221;on&#8221; gutter_width=&#8221;1&#8243; padding_mobile=&#8221;off&#8221; column_padding_mobile=&#8221;on&#8221; parallax_method_1=&#8221;off&#8221; _builder_version=&#8221;3.0.47&#8243; background_size=&#8221;initial&#8221; background_position=&#8221;top_left&#8221; background_repeat=&#8221;repeat&#8221; _i=&#8221;1&#8243; _address=&#8221;1.1&#8243;][et_pb_column type=&#8221;4_4&#8243;][et_pb_text admin_label=&#8221;Texto&#8221; _builder_version=&#8221;3.0.106&#8243; background_size=&#8221;initial&#8221; background_position=&#8221;top_left&#8221; background_repeat=&#8221;repeat&#8221; module_alignment=&#8221;left&#8221; custom_margin=&#8221;0|||&#8221; custom_padding=&#8221;0|||&#8221; background_layout=&#8221;light&#8221;]\n<div id=\"jig1\" class=\"justified-image-grid jig-58067188459b7ed8a8212439b1129125 jig-preset-2\"><div class=\"jig-clearfix\"><\/div><noscript id=\"jig1-html\" class=\"justified-image-grid-html\" data-lazy-src=\"skiplazyload\" data-src=\"skipunveillazyload\"><ul><li><a href=\"https:\/\/alfredogarcia.com\/english\/wp-content\/uploads\/sites\/5\/2018\/02\/IMG_4660-1024x575.jpg\" title=\"Awards Princess of Asturias. Closing Concert\"><img decoding=\"async\" loading=\"lazy\" src=\"https:\/\/alfredogarcia.com\/english\/wp-content\/plugins\/justified-image-grid\/timthumb.php?src=https%3A%2F%2Falfredogarcia.com%2Fenglish%2Fwp-content%2Fuploads%2Fsites%2F5%2F2018%2F02%2FIMG_4660-1024x575.jpg&amp;h=365&amp;q=90&amp;f=.jpg\" alt=\"Awards Princess of Asturias. Closing Concert\" width=\"650\" height=\"365\" \/><\/a><p class=\"jig-HTMLdescription\">Awards Princess of Asturias. Closing Concert<\/p><\/li><li><a href=\"https:\/\/alfredogarcia.com\/english\/wp-content\/uploads\/sites\/5\/2017\/12\/FCO0150B-1024x683.jpg\" title=\"With HM King Felipe VI\"><img decoding=\"async\" loading=\"lazy\" src=\"https:\/\/alfredogarcia.com\/english\/wp-content\/plugins\/justified-image-grid\/timthumb.php?src=https%3A%2F%2Falfredogarcia.com%2Fenglish%2Fwp-content%2Fuploads%2Fsites%2F5%2F2017%2F12%2FFCO0150B-1024x683.jpg&amp;h=365&amp;q=90&amp;f=.jpg\" alt=\"With HM King Felipe VI\" width=\"547\" height=\"365\" \/><\/a><p class=\"jig-HTMLdescription\">With HM King Felipe VI<\/p><\/li><li><a href=\"https:\/\/alfredogarcia.com\/english\/wp-content\/uploads\/sites\/5\/2018\/02\/IMG_4770-1024x575.jpg\" title=\"Awards Princess of Asturias. Closing Concert\"><img decoding=\"async\" loading=\"lazy\" src=\"https:\/\/alfredogarcia.com\/english\/wp-content\/plugins\/justified-image-grid\/timthumb.php?src=https%3A%2F%2Falfredogarcia.com%2Fenglish%2Fwp-content%2Fuploads%2Fsites%2F5%2F2018%2F02%2FIMG_4770-1024x575.jpg&amp;h=365&amp;q=90&amp;f=.jpg\" alt=\"Awards Princess of Asturias. Closing Concert\" width=\"650\" height=\"365\" \/><\/a><p class=\"jig-HTMLdescription\">Awards Princess of Asturias. Closing Concert<\/p><\/li><li><a href=\"https:\/\/alfredogarcia.com\/english\/wp-content\/uploads\/sites\/5\/2018\/02\/IMG_4700-1024x575.jpg\" title=\"Awards Princess of Asturias. Closing Concert\"><img decoding=\"async\" loading=\"lazy\" src=\"https:\/\/alfredogarcia.com\/english\/wp-content\/plugins\/justified-image-grid\/timthumb.php?src=https%3A%2F%2Falfredogarcia.com%2Fenglish%2Fwp-content%2Fuploads%2Fsites%2F5%2F2018%2F02%2FIMG_4700-1024x575.jpg&amp;h=365&amp;q=90&amp;f=.jpg\" alt=\"Awards Princess of Asturias. Closing Concert\" width=\"650\" height=\"365\" \/><\/a><p class=\"jig-HTMLdescription\">Awards Princess of Asturias. Closing Concert<\/p><\/li><li><a href=\"https:\/\/alfredogarcia.com\/english\/wp-content\/uploads\/sites\/5\/2018\/02\/IMG_4729-1024x575.jpg\" title=\"Awards Princess of Asturias. Closing Concert\"><img decoding=\"async\" loading=\"lazy\" src=\"https:\/\/alfredogarcia.com\/english\/wp-content\/plugins\/justified-image-grid\/timthumb.php?src=https%3A%2F%2Falfredogarcia.com%2Fenglish%2Fwp-content%2Fuploads%2Fsites%2F5%2F2018%2F02%2FIMG_4729-1024x575.jpg&amp;h=365&amp;q=90&amp;f=.jpg\" alt=\"Awards Princess of Asturias. Closing Concert\" width=\"650\" height=\"365\" \/><\/a><p class=\"jig-HTMLdescription\">Awards Princess of Asturias. Closing Concert<\/p><\/li><li><a href=\"https:\/\/alfredogarcia.com\/english\/wp-content\/uploads\/sites\/5\/2018\/02\/IMG_4667-1024x575.jpg\" title=\"Awards Princess of Asturias. Closing Concert\"><img decoding=\"async\" loading=\"lazy\" src=\"https:\/\/alfredogarcia.com\/english\/wp-content\/plugins\/justified-image-grid\/timthumb.php?src=https%3A%2F%2Falfredogarcia.com%2Fenglish%2Fwp-content%2Fuploads%2Fsites%2F5%2F2018%2F02%2FIMG_4667-1024x575.jpg&amp;h=365&amp;q=90&amp;f=.jpg\" alt=\"Awards Princess of Asturias. Closing Concert\" width=\"650\" height=\"365\" \/><\/a><p class=\"jig-HTMLdescription\">Awards Princess of Asturias. Closing Concert<\/p><\/li><li><a href=\"https:\/\/alfredogarcia.com\/english\/wp-content\/uploads\/sites\/5\/2017\/12\/FCO0146B-1024x683.jpg\" title=\"With HM Queen Letizia\"><img decoding=\"async\" loading=\"lazy\" src=\"https:\/\/alfredogarcia.com\/english\/wp-content\/plugins\/justified-image-grid\/timthumb.php?src=https%3A%2F%2Falfredogarcia.com%2Fenglish%2Fwp-content%2Fuploads%2Fsites%2F5%2F2017%2F12%2FFCO0146B-1024x683.jpg&amp;h=365&amp;q=90&amp;f=.jpg\" alt=\"With HM Queen Letizia\" width=\"547\" height=\"365\" \/><\/a><p class=\"jig-HTMLdescription\">With HM Queen Letizia<\/p><\/li><li><a href=\"https:\/\/alfredogarcia.com\/english\/wp-content\/uploads\/sites\/5\/2017\/12\/FCO0154B-1024x683.jpg\" title=\"Concert of the Princess of Asturias Awards 2017\"><img decoding=\"async\" loading=\"lazy\" src=\"https:\/\/alfredogarcia.com\/english\/wp-content\/plugins\/justified-image-grid\/timthumb.php?src=https%3A%2F%2Falfredogarcia.com%2Fenglish%2Fwp-content%2Fuploads%2Fsites%2F5%2F2017%2F12%2FFCO0154B-1024x683.jpg&amp;h=365&amp;q=90&amp;f=.jpg\" alt=\"Concert of the Princess of Asturias Awards 2017\" width=\"547\" height=\"365\" \/><\/a><p class=\"jig-HTMLdescription\">Concert of the Princess of Asturias Awards 2017<\/p><\/li><\/ul><\/noscript><\/div>\n<p style=\"text-align: center;\"><span style=\"font-size: 10pt;\"><em>Fotos Marta Barb\u00f3n<\/em><\/span><\/p>\n[\/et_pb_text][\/et_pb_column][\/et_pb_row][\/et_pb_section]\n","protected":false},"excerpt":{"rendered":"<p>Mar\u00eda Luisa Corbacho, mezzo-soprano<br \/>\nAlfredo Garc\u00eda, baritone<\/p>\n<p>OVIEDO FILARMON\u00cdA<br \/>\nMiquel Ortega, conductor<br \/>\nAuditorio Pr\u00edncipe Felipe de Oviedo<\/p>\n<p>The concert will be be honoured by the  presence of Their Majesties the King and Queen of Spain,  don Felipe and do\u00f1a Letizia<\/p>\n","protected":false},"author":1,"featured_media":3520,"comment_status":"open","ping_status":"open","sticky":false,"template":"","format":"standard","meta":{"_et_pb_use_builder":"on","_et_pb_old_content":"","_et_gb_content_width":"","_mi_skip_tracking":false,"_links_to":"","_links_to_target":""},"categories":[14],"tags":[],"yoast_head":"<!-- This site is optimized with the Yoast SEO plugin v20.3 - https:\/\/yoast.com\/wordpress\/plugins\/seo\/ -->\n<title>&quot;Ivan the Terrible&quot; by Prokofiev. Awards Princess of Asturias. Closing Concert - Alfredo Garc\u00eda<\/title>\n<meta name=\"description\" content=\"&quot;Iv\u00e1n el Terrible&quot; de Prokoviev. Premios Princesa de Asturias. Concierto Clausura 19 octubre 2017. Alfredo Garc\u00eda bar\u00edtono Oviedo Filarmon\u00eda, Miquel Ortega director\" \/>\n<meta name=\"robots\" content=\"index, follow, max-snippet:-1, max-image-preview:large, max-video-preview:-1\" \/>\n<link rel=\"canonical\" href=\"https:\/\/alfredogarcia.com\/english\/blog\/ivan-terrible-prokofiev-awards-princess-asturias-closing-concert-19-october-2017\/\" \/>\n<meta property=\"og:locale\" content=\"en_US\" \/>\n<meta property=\"og:type\" content=\"article\" \/>\n<meta property=\"og:title\" content=\"&quot;Ivan the Terrible&quot; by Prokofiev. Awards Princess of Asturias. Closing Concert - Alfredo Garc\u00eda\" \/>\n<meta property=\"og:description\" content=\"&quot;Iv\u00e1n el Terrible&quot; de Prokoviev. Premios Princesa de Asturias. Concierto Clausura 19 octubre 2017. Alfredo Garc\u00eda bar\u00edtono Oviedo Filarmon\u00eda, Miquel Ortega director\" \/>\n<meta property=\"og:url\" content=\"https:\/\/alfredogarcia.com\/english\/blog\/ivan-terrible-prokofiev-awards-princess-asturias-closing-concert-19-october-2017\/\" \/>\n<meta property=\"og:site_name\" content=\"Alfredo Garc\u00eda\" \/>\n<meta property=\"article:published_time\" content=\"2017-10-19T15:34:01+00:00\" \/>\n<meta property=\"article:modified_time\" content=\"2018-04-17T16:13:09+00:00\" \/>\n<meta property=\"og:image\" content=\"https:\/\/alfredogarcia.com\/english\/wp-content\/uploads\/sites\/5\/2017\/12\/IMG_4782.jpg\" \/>\n\t<meta property=\"og:image:width\" content=\"3200\" \/>\n\t<meta property=\"og:image:height\" content=\"1798\" \/>\n\t<meta property=\"og:image:type\" content=\"image\/jpeg\" \/>\n<meta name=\"author\" content=\"Alfredo Garc\u00eda\" \/>\n<meta name=\"twitter:card\" content=\"summary_large_image\" \/>\n<meta name=\"twitter:label1\" content=\"Written by\" \/>\n\t<meta name=\"twitter:data1\" content=\"Alfredo Garc\u00eda\" \/>\n\t<meta name=\"twitter:label2\" content=\"Est. reading time\" \/>\n\t<meta name=\"twitter:data2\" content=\"3 minutes\" \/>\n<script type=\"application\/ld+json\" class=\"yoast-schema-graph\">{\"@context\":\"https:\/\/schema.org\",\"@graph\":[{\"@type\":\"WebPage\",\"@id\":\"https:\/\/alfredogarcia.com\/english\/blog\/ivan-terrible-prokofiev-awards-princess-asturias-closing-concert-19-october-2017\/\",\"url\":\"https:\/\/alfredogarcia.com\/english\/blog\/ivan-terrible-prokofiev-awards-princess-asturias-closing-concert-19-october-2017\/\",\"name\":\"\\\"Ivan the Terrible\\\" by Prokofiev. Awards Princess of Asturias. Closing Concert - Alfredo Garc\u00eda\",\"isPartOf\":{\"@id\":\"https:\/\/alfredogarcia.com\/english\/#website\"},\"datePublished\":\"2017-10-19T15:34:01+00:00\",\"dateModified\":\"2018-04-17T16:13:09+00:00\",\"author\":{\"@id\":\"https:\/\/alfredogarcia.com\/english\/#\/schema\/person\/f1c2e0d40fcd4deaa92f7585f4661c78\"},\"description\":\"\\\"Iv\u00e1n el Terrible\\\" de Prokoviev. Premios Princesa de Asturias. Concierto Clausura 19 octubre 2017. Alfredo Garc\u00eda bar\u00edtono Oviedo Filarmon\u00eda, Miquel Ortega director\",\"breadcrumb\":{\"@id\":\"https:\/\/alfredogarcia.com\/english\/blog\/ivan-terrible-prokofiev-awards-princess-asturias-closing-concert-19-october-2017\/#breadcrumb\"},\"inLanguage\":\"en-US\",\"potentialAction\":[{\"@type\":\"ReadAction\",\"target\":[\"https:\/\/alfredogarcia.com\/english\/blog\/ivan-terrible-prokofiev-awards-princess-asturias-closing-concert-19-october-2017\/\"]}]},{\"@type\":\"BreadcrumbList\",\"@id\":\"https:\/\/alfredogarcia.com\/english\/blog\/ivan-terrible-prokofiev-awards-princess-asturias-closing-concert-19-october-2017\/#breadcrumb\",\"itemListElement\":[{\"@type\":\"ListItem\",\"position\":1,\"name\":\"Portada\",\"item\":\"https:\/\/alfredogarcia.com\/english\/\"},{\"@type\":\"ListItem\",\"position\":2,\"name\":\"&#8220;Ivan the Terrible&#8221; by Prokofiev. Awards Princess of Asturias. Closing Concert\"}]},{\"@type\":\"WebSite\",\"@id\":\"https:\/\/alfredogarcia.com\/english\/#website\",\"url\":\"https:\/\/alfredogarcia.com\/english\/\",\"name\":\"Alfredo Garc\u00eda\",\"description\":\"Bar\u00edtone\",\"potentialAction\":[{\"@type\":\"SearchAction\",\"target\":{\"@type\":\"EntryPoint\",\"urlTemplate\":\"https:\/\/alfredogarcia.com\/english\/?s={search_term_string}\"},\"query-input\":\"required name=search_term_string\"}],\"inLanguage\":\"en-US\"},{\"@type\":\"Person\",\"@id\":\"https:\/\/alfredogarcia.com\/english\/#\/schema\/person\/f1c2e0d40fcd4deaa92f7585f4661c78\",\"name\":\"Alfredo Garc\u00eda\",\"image\":{\"@type\":\"ImageObject\",\"inLanguage\":\"en-US\",\"@id\":\"https:\/\/alfredogarcia.com\/english\/#\/schema\/person\/image\/\",\"url\":\"https:\/\/secure.gravatar.com\/avatar\/3bab137e283fa6ad0711e570e917daed?s=96&d=mm&r=g\",\"contentUrl\":\"https:\/\/secure.gravatar.com\/avatar\/3bab137e283fa6ad0711e570e917daed?s=96&d=mm&r=g\",\"caption\":\"Alfredo Garc\u00eda\"},\"url\":\"https:\/\/alfredogarcia.com\/english\/blog\/author\/similaresoldofa\/\"}]}<\/script>\n<!-- \/ Yoast SEO plugin. -->","yoast_head_json":{"title":"\"Ivan the Terrible\" by Prokofiev. Awards Princess of Asturias. Closing Concert - Alfredo Garc\u00eda","description":"\"Iv\u00e1n el Terrible\" de Prokoviev. Premios Princesa de Asturias. Concierto Clausura 19 octubre 2017. Alfredo Garc\u00eda bar\u00edtono Oviedo Filarmon\u00eda, Miquel Ortega director","robots":{"index":"index","follow":"follow","max-snippet":"max-snippet:-1","max-image-preview":"max-image-preview:large","max-video-preview":"max-video-preview:-1"},"canonical":"https:\/\/alfredogarcia.com\/english\/blog\/ivan-terrible-prokofiev-awards-princess-asturias-closing-concert-19-october-2017\/","og_locale":"en_US","og_type":"article","og_title":"\"Ivan the Terrible\" by Prokofiev. Awards Princess of Asturias. Closing Concert - Alfredo Garc\u00eda","og_description":"\"Iv\u00e1n el Terrible\" de Prokoviev. Premios Princesa de Asturias. Concierto Clausura 19 octubre 2017. Alfredo Garc\u00eda bar\u00edtono Oviedo Filarmon\u00eda, Miquel Ortega director","og_url":"https:\/\/alfredogarcia.com\/english\/blog\/ivan-terrible-prokofiev-awards-princess-asturias-closing-concert-19-october-2017\/","og_site_name":"Alfredo Garc\u00eda","article_published_time":"2017-10-19T15:34:01+00:00","article_modified_time":"2018-04-17T16:13:09+00:00","og_image":[{"width":3200,"height":1798,"url":"https:\/\/alfredogarcia.com\/english\/wp-content\/uploads\/sites\/5\/2017\/12\/IMG_4782.jpg","type":"image\/jpeg"}],"author":"Alfredo Garc\u00eda","twitter_card":"summary_large_image","twitter_misc":{"Written by":"Alfredo Garc\u00eda","Est. reading time":"3 minutes"},"schema":{"@context":"https:\/\/schema.org","@graph":[{"@type":"WebPage","@id":"https:\/\/alfredogarcia.com\/english\/blog\/ivan-terrible-prokofiev-awards-princess-asturias-closing-concert-19-october-2017\/","url":"https:\/\/alfredogarcia.com\/english\/blog\/ivan-terrible-prokofiev-awards-princess-asturias-closing-concert-19-october-2017\/","name":"\"Ivan the Terrible\" by Prokofiev. Awards Princess of Asturias. Closing Concert - Alfredo Garc\u00eda","isPartOf":{"@id":"https:\/\/alfredogarcia.com\/english\/#website"},"datePublished":"2017-10-19T15:34:01+00:00","dateModified":"2018-04-17T16:13:09+00:00","author":{"@id":"https:\/\/alfredogarcia.com\/english\/#\/schema\/person\/f1c2e0d40fcd4deaa92f7585f4661c78"},"description":"\"Iv\u00e1n el Terrible\" de Prokoviev. Premios Princesa de Asturias. Concierto Clausura 19 octubre 2017. Alfredo Garc\u00eda bar\u00edtono Oviedo Filarmon\u00eda, Miquel Ortega director","breadcrumb":{"@id":"https:\/\/alfredogarcia.com\/english\/blog\/ivan-terrible-prokofiev-awards-princess-asturias-closing-concert-19-october-2017\/#breadcrumb"},"inLanguage":"en-US","potentialAction":[{"@type":"ReadAction","target":["https:\/\/alfredogarcia.com\/english\/blog\/ivan-terrible-prokofiev-awards-princess-asturias-closing-concert-19-october-2017\/"]}]},{"@type":"BreadcrumbList","@id":"https:\/\/alfredogarcia.com\/english\/blog\/ivan-terrible-prokofiev-awards-princess-asturias-closing-concert-19-october-2017\/#breadcrumb","itemListElement":[{"@type":"ListItem","position":1,"name":"Portada","item":"https:\/\/alfredogarcia.com\/english\/"},{"@type":"ListItem","position":2,"name":"&#8220;Ivan the Terrible&#8221; by Prokofiev. Awards Princess of Asturias. Closing Concert"}]},{"@type":"WebSite","@id":"https:\/\/alfredogarcia.com\/english\/#website","url":"https:\/\/alfredogarcia.com\/english\/","name":"Alfredo Garc\u00eda","description":"Bar\u00edtone","potentialAction":[{"@type":"SearchAction","target":{"@type":"EntryPoint","urlTemplate":"https:\/\/alfredogarcia.com\/english\/?s={search_term_string}"},"query-input":"required name=search_term_string"}],"inLanguage":"en-US"},{"@type":"Person","@id":"https:\/\/alfredogarcia.com\/english\/#\/schema\/person\/f1c2e0d40fcd4deaa92f7585f4661c78","name":"Alfredo Garc\u00eda","image":{"@type":"ImageObject","inLanguage":"en-US","@id":"https:\/\/alfredogarcia.com\/english\/#\/schema\/person\/image\/","url":"https:\/\/secure.gravatar.com\/avatar\/3bab137e283fa6ad0711e570e917daed?s=96&d=mm&r=g","contentUrl":"https:\/\/secure.gravatar.com\/avatar\/3bab137e283fa6ad0711e570e917daed?s=96&d=mm&r=g","caption":"Alfredo Garc\u00eda"},"url":"https:\/\/alfredogarcia.com\/english\/blog\/author\/similaresoldofa\/"}]}},"_links":{"self":[{"href":"https:\/\/alfredogarcia.com\/english\/wp-json\/wp\/v2\/posts\/3421"}],"collection":[{"href":"https:\/\/alfredogarcia.com\/english\/wp-json\/wp\/v2\/posts"}],"about":[{"href":"https:\/\/alfredogarcia.com\/english\/wp-json\/wp\/v2\/types\/post"}],"author":[{"embeddable":true,"href":"https:\/\/alfredogarcia.com\/english\/wp-json\/wp\/v2\/users\/1"}],"replies":[{"embeddable":true,"href":"https:\/\/alfredogarcia.com\/english\/wp-json\/wp\/v2\/comments?post=3421"}],"version-history":[{"count":14,"href":"https:\/\/alfredogarcia.com\/english\/wp-json\/wp\/v2\/posts\/3421\/revisions"}],"predecessor-version":[{"id":209663,"href":"https:\/\/alfredogarcia.com\/english\/wp-json\/wp\/v2\/posts\/3421\/revisions\/209663"}],"wp:featuredmedia":[{"embeddable":true,"href":"https:\/\/alfredogarcia.com\/english\/wp-json\/wp\/v2\/media\/3520"}],"wp:attachment":[{"href":"https:\/\/alfredogarcia.com\/english\/wp-json\/wp\/v2\/media?parent=3421"}],"wp:term":[{"taxonomy":"category","embeddable":true,"href":"https:\/\/alfredogarcia.com\/english\/wp-json\/wp\/v2\/categories?post=3421"},{"taxonomy":"post_tag","embeddable":true,"href":"https:\/\/alfredogarcia.com\/english\/wp-json\/wp\/v2\/tags?post=3421"}],"curies":[{"name":"wp","href":"https:\/\/api.w.org\/{rel}","templated":true}]}}