{"id":210166,"date":"2021-06-08T08:13:09","date_gmt":"2021-06-08T08:13:09","guid":{"rendered":"https:\/\/alfredogarcia.com\/english\/?p=210166"},"modified":"2022-01-26T12:21:10","modified_gmt":"2022-01-26T12:21:10","slug":"opera-lilith-luna-negra-by-david-del-puerto","status":"publish","type":"post","link":"https:\/\/alfredogarcia.com\/english\/blog\/opera-lilith-luna-negra-by-david-del-puerto\/","title":{"rendered":"Opera Lilith luna negra by David del Puerto"},"content":{"rendered":"[et_pb_section fb_built=&#8221;1&#8243; fullwidth=&#8221;on&#8221; custom_padding_last_edited=&#8221;on|desktop&#8221; disabled_on=&#8221;off|off|off&#8221; admin_label=&#8221;section&#8221; _builder_version=&#8221;4.0.6&#8243; custom_padding_tablet=&#8221;50px|0|50px|0&#8243; custom_padding_phone=&#8221;&#8221; transparent_background=&#8221;off&#8221; padding_mobile=&#8221;off&#8221;][et_pb_fullwidth_header text_orientation=&#8221;center&#8221; header_fullscreen=&#8221;on&#8221; header_scroll_down=&#8221;on&#8221; scroll_down_icon=&#8221;%%1%%&#8221; button_one_text=&#8221;Festival Little Opera&#8221; button_one_url=&#8221;https:\/\/www.littleoperazamora.com\/&#8221; background_overlay_color=&#8221;rgba(0,0,0,0.38)&#8221; content_orientation=&#8221;bottom&#8221; _builder_version=&#8221;4.9.9&#8243; title_font=&#8221;|||on|||||&#8221; title_text_align=&#8221;center&#8221; title_font_size=&#8221;35px&#8221; content_font=&#8221;||||||||&#8221; content_text_align=&#8221;center&#8221; content_font_size=&#8221;18px&#8221; subhead_font=&#8221;Old Standard TT|on|||&#8221; subhead_text_align=&#8221;center&#8221; subhead_font_size=&#8221;27px&#8221; background_color=&#8221;rgba(255,255,255,0)&#8221; background_image=&#8221;https:\/\/alfredogarcia.com\/english\/wp-content\/uploads\/sites\/5\/2021\/07\/cartel_Lilith-scaled.jpeg&#8221; parallax=&#8221;on&#8221; custom_button_one=&#8221;on&#8221; custom_margin=&#8221;0px||0px|0px|false|false&#8221; custom_margin_tablet=&#8221;&#8221; custom_margin_phone=&#8221;|||0px&#8221; custom_margin_last_edited=&#8221;on|desktop&#8221; custom_padding=&#8221;0px|0px|20px|0px&#8221; button_one_text_size__hover_enabled=&#8221;off&#8221; button_two_text_size__hover_enabled=&#8221;off&#8221; button_one_text_color__hover_enabled=&#8221;off&#8221; button_two_text_color__hover_enabled=&#8221;off&#8221; button_one_border_width__hover_enabled=&#8221;off&#8221; button_two_border_width__hover_enabled=&#8221;off&#8221; button_one_border_color__hover_enabled=&#8221;off&#8221; button_two_border_color__hover_enabled=&#8221;off&#8221; button_one_border_radius__hover_enabled=&#8221;off&#8221; button_two_border_radius__hover_enabled=&#8221;off&#8221; button_one_letter_spacing__hover_enabled=&#8221;off&#8221; button_two_letter_spacing__hover_enabled=&#8221;off&#8221; button_one_bg_color__hover_enabled=&#8221;off&#8221; button_two_bg_color__hover_enabled=&#8221;off&#8221;][\/et_pb_fullwidth_header][\/et_pb_section]\n","protected":false},"excerpt":{"rendered":"<p>Opera by David del Puerto with Libretto by M\u00f3nica Maffia<\/p>\n<p>Lilith: Joana Thom\u00e9 da Silva<br \/>\nEva: Ruth Gonz\u00e1lez<br \/>\nAd\u00e1n: Alfredo Garc\u00eda<br \/>\nConductor: Alexis Soriano<br \/>\nStage direction: M\u00f3nica Maff\u00eda<\/p>\n","protected":false},"author":1,"featured_media":210173,"comment_status":"open","ping_status":"open","sticky":false,"template":"","format":"standard","meta":{"_et_pb_use_builder":"on","_et_pb_old_content":"","_et_gb_content_width":"","_mi_skip_tracking":false,"_links_to":"","_links_to_target":""},"categories":[14],"tags":[],"yoast_head":"<!-- This site is optimized with the Yoast SEO plugin v20.3 - https:\/\/yoast.com\/wordpress\/plugins\/seo\/ -->\n<title>Opera Lilith Luna negra by David del Puerto. July 24, 2021.<\/title>\n<meta name=\"description\" content=\"Festival Little Opera Zamora. Libretto by M\u00f3nica Maffia. Alfredo Garc\u00eda, Johana Thom\u00e9 da Silva, Ruth Gonz\u00e1lez. Alexis Soriano Conductor.\" \/>\n<meta name=\"robots\" content=\"index, follow, max-snippet:-1, max-image-preview:large, max-video-preview:-1\" \/>\n<link rel=\"canonical\" href=\"https:\/\/alfredogarcia.com\/english\/blog\/opera-lilith-luna-negra-by-david-del-puerto\/\" \/>\n<meta property=\"og:locale\" content=\"en_US\" \/>\n<meta property=\"og:type\" content=\"article\" \/>\n<meta property=\"og:title\" content=\"Recital Alfredo Garc\u00eda bar\u00edtono.Teatro Col\u00f3n de Buenos Aires. 14 de diciembre de 2019\" \/>\n<meta property=\"og:description\" content=\"Alfredo Garc\u00eda, bar\u00edtono Marcelo Ayub piano Obras de Alb\u00e9niz, Ravel, Ganados, R. Halffter, Montsalvatge y Vert. Sal\u00f3n Dorado\" \/>\n<meta property=\"og:url\" content=\"https:\/\/alfredogarcia.com\/english\/blog\/opera-lilith-luna-negra-by-david-del-puerto\/\" \/>\n<meta property=\"og:site_name\" content=\"Alfredo Garc\u00eda\" \/>\n<meta property=\"article:published_time\" content=\"2021-06-08T08:13:09+00:00\" \/>\n<meta property=\"article:modified_time\" content=\"2022-01-26T12:21:10+00:00\" \/>\n<meta name=\"author\" content=\"Alfredo Garc\u00eda\" \/>\n<meta name=\"twitter:card\" content=\"summary_large_image\" \/>\n<meta name=\"twitter:title\" content=\"Recital Alfredo Garc\u00eda bar\u00edtono.Teatro Col\u00f3n de Buenos Aires. 14 de diciembre de 2019\" \/>\n<meta name=\"twitter:description\" content=\"Alfredo Garc\u00eda, bar\u00edtono Marcelo Ayub piano Obras de Alb\u00e9niz, Ravel, Ganados, R. Halffter, Montsalvatge y Vert. Sal\u00f3n Dorado\" \/>\n<meta name=\"twitter:label1\" content=\"Written by\" \/>\n\t<meta name=\"twitter:data1\" content=\"Alfredo Garc\u00eda\" \/>\n\t<meta name=\"twitter:label2\" content=\"Est. reading time\" \/>\n\t<meta name=\"twitter:data2\" content=\"2 minutes\" \/>\n<script type=\"application\/ld+json\" class=\"yoast-schema-graph\">{\"@context\":\"https:\/\/schema.org\",\"@graph\":[{\"@type\":\"WebPage\",\"@id\":\"https:\/\/alfredogarcia.com\/english\/blog\/opera-lilith-luna-negra-by-david-del-puerto\/\",\"url\":\"https:\/\/alfredogarcia.com\/english\/blog\/opera-lilith-luna-negra-by-david-del-puerto\/\",\"name\":\"Opera Lilith Luna negra by David del Puerto. July 24, 2021.\",\"isPartOf\":{\"@id\":\"https:\/\/alfredogarcia.com\/english\/#website\"},\"datePublished\":\"2021-06-08T08:13:09+00:00\",\"dateModified\":\"2022-01-26T12:21:10+00:00\",\"author\":{\"@id\":\"https:\/\/alfredogarcia.com\/english\/#\/schema\/person\/f1c2e0d40fcd4deaa92f7585f4661c78\"},\"description\":\"Festival Little Opera Zamora. Libretto by M\u00f3nica Maffia. Alfredo Garc\u00eda, Johana Thom\u00e9 da Silva, Ruth Gonz\u00e1lez. Alexis Soriano Conductor.\",\"breadcrumb\":{\"@id\":\"https:\/\/alfredogarcia.com\/english\/blog\/opera-lilith-luna-negra-by-david-del-puerto\/#breadcrumb\"},\"inLanguage\":\"en-US\",\"potentialAction\":[{\"@type\":\"ReadAction\",\"target\":[\"https:\/\/alfredogarcia.com\/english\/blog\/opera-lilith-luna-negra-by-david-del-puerto\/\"]}]},{\"@type\":\"BreadcrumbList\",\"@id\":\"https:\/\/alfredogarcia.com\/english\/blog\/opera-lilith-luna-negra-by-david-del-puerto\/#breadcrumb\",\"itemListElement\":[{\"@type\":\"ListItem\",\"position\":1,\"name\":\"Portada\",\"item\":\"https:\/\/alfredogarcia.com\/english\/\"},{\"@type\":\"ListItem\",\"position\":2,\"name\":\"Opera Lilith luna negra by David del Puerto\"}]},{\"@type\":\"WebSite\",\"@id\":\"https:\/\/alfredogarcia.com\/english\/#website\",\"url\":\"https:\/\/alfredogarcia.com\/english\/\",\"name\":\"Alfredo Garc\u00eda\",\"description\":\"Bar\u00edtone\",\"potentialAction\":[{\"@type\":\"SearchAction\",\"target\":{\"@type\":\"EntryPoint\",\"urlTemplate\":\"https:\/\/alfredogarcia.com\/english\/?s={search_term_string}\"},\"query-input\":\"required name=search_term_string\"}],\"inLanguage\":\"en-US\"},{\"@type\":\"Person\",\"@id\":\"https:\/\/alfredogarcia.com\/english\/#\/schema\/person\/f1c2e0d40fcd4deaa92f7585f4661c78\",\"name\":\"Alfredo Garc\u00eda\",\"image\":{\"@type\":\"ImageObject\",\"inLanguage\":\"en-US\",\"@id\":\"https:\/\/alfredogarcia.com\/english\/#\/schema\/person\/image\/\",\"url\":\"https:\/\/secure.gravatar.com\/avatar\/3bab137e283fa6ad0711e570e917daed?s=96&d=mm&r=g\",\"contentUrl\":\"https:\/\/secure.gravatar.com\/avatar\/3bab137e283fa6ad0711e570e917daed?s=96&d=mm&r=g\",\"caption\":\"Alfredo Garc\u00eda\"},\"url\":\"https:\/\/alfredogarcia.com\/english\/blog\/author\/similaresoldofa\/\"}]}<\/script>\n<!-- \/ Yoast SEO plugin. -->","yoast_head_json":{"title":"Opera Lilith Luna negra by David del Puerto. July 24, 2021.","description":"Festival Little Opera Zamora. Libretto by M\u00f3nica Maffia. Alfredo Garc\u00eda, Johana Thom\u00e9 da Silva, Ruth Gonz\u00e1lez. Alexis Soriano Conductor.","robots":{"index":"index","follow":"follow","max-snippet":"max-snippet:-1","max-image-preview":"max-image-preview:large","max-video-preview":"max-video-preview:-1"},"canonical":"https:\/\/alfredogarcia.com\/english\/blog\/opera-lilith-luna-negra-by-david-del-puerto\/","og_locale":"en_US","og_type":"article","og_title":"Recital Alfredo Garc\u00eda bar\u00edtono.Teatro Col\u00f3n de Buenos Aires. 14 de diciembre de 2019","og_description":"Alfredo Garc\u00eda, bar\u00edtono Marcelo Ayub piano Obras de Alb\u00e9niz, Ravel, Ganados, R. Halffter, Montsalvatge y Vert. Sal\u00f3n Dorado","og_url":"https:\/\/alfredogarcia.com\/english\/blog\/opera-lilith-luna-negra-by-david-del-puerto\/","og_site_name":"Alfredo Garc\u00eda","article_published_time":"2021-06-08T08:13:09+00:00","article_modified_time":"2022-01-26T12:21:10+00:00","author":"Alfredo Garc\u00eda","twitter_card":"summary_large_image","twitter_title":"Recital Alfredo Garc\u00eda bar\u00edtono.Teatro Col\u00f3n de Buenos Aires. 14 de diciembre de 2019","twitter_description":"Alfredo Garc\u00eda, bar\u00edtono Marcelo Ayub piano Obras de Alb\u00e9niz, Ravel, Ganados, R. Halffter, Montsalvatge y Vert. Sal\u00f3n Dorado","twitter_misc":{"Written by":"Alfredo Garc\u00eda","Est. reading time":"2 minutes"},"schema":{"@context":"https:\/\/schema.org","@graph":[{"@type":"WebPage","@id":"https:\/\/alfredogarcia.com\/english\/blog\/opera-lilith-luna-negra-by-david-del-puerto\/","url":"https:\/\/alfredogarcia.com\/english\/blog\/opera-lilith-luna-negra-by-david-del-puerto\/","name":"Opera Lilith Luna negra by David del Puerto. July 24, 2021.","isPartOf":{"@id":"https:\/\/alfredogarcia.com\/english\/#website"},"datePublished":"2021-06-08T08:13:09+00:00","dateModified":"2022-01-26T12:21:10+00:00","author":{"@id":"https:\/\/alfredogarcia.com\/english\/#\/schema\/person\/f1c2e0d40fcd4deaa92f7585f4661c78"},"description":"Festival Little Opera Zamora. Libretto by M\u00f3nica Maffia. Alfredo Garc\u00eda, Johana Thom\u00e9 da Silva, Ruth Gonz\u00e1lez. Alexis Soriano Conductor.","breadcrumb":{"@id":"https:\/\/alfredogarcia.com\/english\/blog\/opera-lilith-luna-negra-by-david-del-puerto\/#breadcrumb"},"inLanguage":"en-US","potentialAction":[{"@type":"ReadAction","target":["https:\/\/alfredogarcia.com\/english\/blog\/opera-lilith-luna-negra-by-david-del-puerto\/"]}]},{"@type":"BreadcrumbList","@id":"https:\/\/alfredogarcia.com\/english\/blog\/opera-lilith-luna-negra-by-david-del-puerto\/#breadcrumb","itemListElement":[{"@type":"ListItem","position":1,"name":"Portada","item":"https:\/\/alfredogarcia.com\/english\/"},{"@type":"ListItem","position":2,"name":"Opera Lilith luna negra by David del Puerto"}]},{"@type":"WebSite","@id":"https:\/\/alfredogarcia.com\/english\/#website","url":"https:\/\/alfredogarcia.com\/english\/","name":"Alfredo Garc\u00eda","description":"Bar\u00edtone","potentialAction":[{"@type":"SearchAction","target":{"@type":"EntryPoint","urlTemplate":"https:\/\/alfredogarcia.com\/english\/?s={search_term_string}"},"query-input":"required name=search_term_string"}],"inLanguage":"en-US"},{"@type":"Person","@id":"https:\/\/alfredogarcia.com\/english\/#\/schema\/person\/f1c2e0d40fcd4deaa92f7585f4661c78","name":"Alfredo Garc\u00eda","image":{"@type":"ImageObject","inLanguage":"en-US","@id":"https:\/\/alfredogarcia.com\/english\/#\/schema\/person\/image\/","url":"https:\/\/secure.gravatar.com\/avatar\/3bab137e283fa6ad0711e570e917daed?s=96&d=mm&r=g","contentUrl":"https:\/\/secure.gravatar.com\/avatar\/3bab137e283fa6ad0711e570e917daed?s=96&d=mm&r=g","caption":"Alfredo Garc\u00eda"},"url":"https:\/\/alfredogarcia.com\/english\/blog\/author\/similaresoldofa\/"}]}},"_links":{"self":[{"href":"https:\/\/alfredogarcia.com\/english\/wp-json\/wp\/v2\/posts\/210166"}],"collection":[{"href":"https:\/\/alfredogarcia.com\/english\/wp-json\/wp\/v2\/posts"}],"about":[{"href":"https:\/\/alfredogarcia.com\/english\/wp-json\/wp\/v2\/types\/post"}],"author":[{"embeddable":true,"href":"https:\/\/alfredogarcia.com\/english\/wp-json\/wp\/v2\/users\/1"}],"replies":[{"embeddable":true,"href":"https:\/\/alfredogarcia.com\/english\/wp-json\/wp\/v2\/comments?post=210166"}],"version-history":[{"count":5,"href":"https:\/\/alfredogarcia.com\/english\/wp-json\/wp\/v2\/posts\/210166\/revisions"}],"predecessor-version":[{"id":210182,"href":"https:\/\/alfredogarcia.com\/english\/wp-json\/wp\/v2\/posts\/210166\/revisions\/210182"}],"wp:featuredmedia":[{"embeddable":true,"href":"https:\/\/alfredogarcia.com\/english\/wp-json\/wp\/v2\/media\/210173"}],"wp:attachment":[{"href":"https:\/\/alfredogarcia.com\/english\/wp-json\/wp\/v2\/media?parent=210166"}],"wp:term":[{"taxonomy":"category","embeddable":true,"href":"https:\/\/alfredogarcia.com\/english\/wp-json\/wp\/v2\/categories?post=210166"},{"taxonomy":"post_tag","embeddable":true,"href":"https:\/\/alfredogarcia.com\/english\/wp-json\/wp\/v2\/tags?post=210166"}],"curies":[{"name":"wp","href":"https:\/\/api.w.org\/{rel}","templated":true}]}}