{"id":210139,"date":"2021-01-15T10:05:17","date_gmt":"2021-01-15T10:05:17","guid":{"rendered":"https:\/\/alfredogarcia.com\/english\/?p=210139"},"modified":"2022-01-26T12:22:07","modified_gmt":"2022-01-26T12:22:07","slug":"concert-at-the-ii-classic-alborada-festival-october-23-2021","status":"publish","type":"post","link":"https:\/\/alfredogarcia.com\/english\/blog\/concert-at-the-ii-classic-alborada-festival-october-23-2021\/","title":{"rendered":"Concert at the II Classic Alborada Festival October 23, 2021"},"content":{"rendered":"[et_pb_section fb_built=&#8221;1&#8243; fullwidth=&#8221;on&#8221; custom_padding_last_edited=&#8221;on|desktop&#8221; disabled_on=&#8221;off|off|off&#8221; admin_label=&#8221;section&#8221; _builder_version=&#8221;4.0.6&#8243; custom_padding_tablet=&#8221;50px|0|50px|0&#8243; custom_padding_phone=&#8221;&#8221; transparent_background=&#8221;off&#8221; padding_mobile=&#8221;off&#8221;][et_pb_fullwidth_header title=&#8221;RECITAL AT THE II ALBORADA CL\u00c1SICA FESTIVAL&#8221; subhead=&#8221;Alfredo Garc\u00eda, baritone<br \/>  Rosa Torres Pardo, piano &#8211; Gala P\u00e9rez I\u00f1esta, viol\u00edn&#8221; text_orientation=&#8221;center&#8221; header_fullscreen=&#8221;on&#8221; header_scroll_down=&#8221;on&#8221; scroll_down_icon=&#8221;%%1%%&#8221; button_one_text=&#8221;Festival Alborada Cl\u00e1sica&#8221; button_one_url=&#8221;http:\/\/www.festivalalborada.com&#8221; background_overlay_color=&#8221;rgba(0,0,0,0.38)&#8221; content_orientation=&#8221;bottom&#8221; _builder_version=&#8221;4.8.0&#8243; title_font=&#8221;|||on|||||&#8221; title_text_align=&#8221;center&#8221; title_font_size=&#8221;35px&#8221; content_font=&#8221;||||||||&#8221; content_text_align=&#8221;center&#8221; content_font_size=&#8221;18px&#8221; subhead_font=&#8221;Old Standard TT|on|||&#8221; subhead_text_align=&#8221;center&#8221; subhead_font_size=&#8221;27px&#8221; background_color=&#8221;rgba(255,255,255,0)&#8221; background_image=&#8221;https:\/\/alfredogarcia.com\/english\/wp-content\/uploads\/sites\/5\/2021\/06\/Tenorioopera-by-toma\u0301s-marco.png&#8221; parallax=&#8221;on&#8221; custom_button_one=&#8221;on&#8221; custom_margin=&#8221;0px||0px|0px|false|false&#8221; custom_margin_tablet=&#8221;&#8221; custom_margin_phone=&#8221;|||0px&#8221; custom_margin_last_edited=&#8221;on|desktop&#8221; custom_padding=&#8221;0px|0px|20px|0px&#8221; button_one_text_size__hover_enabled=&#8221;off&#8221; button_two_text_size__hover_enabled=&#8221;off&#8221; button_one_text_color__hover_enabled=&#8221;off&#8221; button_two_text_color__hover_enabled=&#8221;off&#8221; button_one_border_width__hover_enabled=&#8221;off&#8221; button_two_border_width__hover_enabled=&#8221;off&#8221; button_one_border_color__hover_enabled=&#8221;off&#8221; button_two_border_color__hover_enabled=&#8221;off&#8221; button_one_border_radius__hover_enabled=&#8221;off&#8221; button_two_border_radius__hover_enabled=&#8221;off&#8221; button_one_letter_spacing__hover_enabled=&#8221;off&#8221; button_two_letter_spacing__hover_enabled=&#8221;off&#8221; button_one_bg_color__hover_enabled=&#8221;off&#8221; button_two_bg_color__hover_enabled=&#8221;off&#8221;]\n<p>____________________________________________________________<\/p>\n<p><b>\u00a0<\/b><\/p>\n<p class=\"p1\"><strong>Works by R.LLORCA, A.SORIANO and arias of \u00d3pera y Zarzuela<span class=\"Apple-converted-space\">\u00a0<\/span><\/strong><\/p>\n<p><b>\u00a0<\/b><\/p>\n<p>October 23, 2021 20:00 hrs.<br \/> Salobre\u00f1a<\/p>\n<p>&nbsp;<\/p>\n[\/et_pb_fullwidth_header][\/et_pb_section][et_pb_section fb_built=&#8221;1&#8243; admin_label=&#8221;Exhibitions&#8221; _builder_version=&#8221;3.24&#8243; background_image=&#8221;https:\/\/alfredogarcia.com\/wp-content\/uploads\/2019\/07\/art-gallery-55.jpg&#8221; background_size=&#8221;initial&#8221; background_repeat=&#8221;repeat&#8221;][et_pb_row custom_padding_last_edited=&#8221;off|phone&#8221; _builder_version=&#8221;3.25&#8243; background_position=&#8221;bottom_center&#8221; custom_padding_tablet=&#8221;17vw||17vw||false&#8221; use_custom_width=&#8221;on&#8221; width_unit=&#8221;off&#8221; custom_width_percent=&#8221;100%&#8221; locked=&#8221;off&#8221;][et_pb_column type=&#8221;4_4&#8243; _builder_version=&#8221;3.25&#8243; custom_padding=&#8221;|||&#8221; custom_padding__hover=&#8221;|||&#8221;][et_pb_text _builder_version=&#8221;4.7.7&#8243; text_font=&#8221;||||||||&#8221; header_font=&#8221;||||||||&#8221; header_2_font=&#8221;Prata|500|||||||&#8221; header_2_font_size=&#8221;56px&#8221; header_2_line_height=&#8221;1.3em&#8221; header_3_font=&#8221;|700||on|||||&#8221; header_3_text_color=&#8221;rgba(0,0,0,0.35)&#8221; header_3_font_size=&#8221;12px&#8221; header_3_letter_spacing=&#8221;5px&#8221; header_3_line_height=&#8221;2em&#8221; transform_translate_linked=&#8221;off&#8221; text_orientation=&#8221;center&#8221; max_width=&#8221;700px&#8221; max_width_tablet=&#8221;70%&#8221; max_width_last_edited=&#8221;off|phone&#8221; module_alignment=&#8221;center&#8221; header_2_font_size_tablet=&#8221;40px&#8221; header_2_font_size_phone=&#8221;26px&#8221; header_2_font_size_last_edited=&#8221;on|phone&#8221; header_3_font_size_phone=&#8221;10px&#8221; header_3_font_size_last_edited=&#8221;off|desktop&#8221; module_alignment_last_edited=&#8221;off|desktop&#8221; text_text_align=&#8221;center&#8221;]\n<h3>Salobre\u00f1a<\/h3>\n<h2>The concert program<\/h2>\n[\/et_pb_text][\/et_pb_column][\/et_pb_row][et_pb_row column_structure=&#8221;3_5,2_5&#8243; _builder_version=&#8221;3.25&#8243; max_width=&#8221;1280px&#8221;][et_pb_column type=&#8221;3_5&#8243; _builder_version=&#8221;3.25&#8243; custom_padding=&#8221;|||&#8221; custom_padding__hover=&#8221;|||&#8221;][et_pb_image src=&#8221;https:\/\/alfredogarcia.com\/english\/wp-content\/uploads\/sites\/5\/2021\/01\/unnamed.jpg&#8221; alt=&#8221;Alexis Soriano&#8221; title_text=&#8221;Alexis Soriano conductor&#8221; _builder_version=&#8221;4.8.0&#8243; background_image=&#8221;https:\/\/alfredogarcia.com\/wp-content\/uploads\/2019\/07\/art-gallery-56.png&#8221; background_size=&#8221;initial&#8221; background_position=&#8221;bottom_left&#8221; max_width=&#8221;800px&#8221; max_width_tablet=&#8221;560px&#8221; max_width_phone=&#8221;&#8221; max_width_last_edited=&#8221;on|tablet&#8221; module_alignment=&#8221;right&#8221; custom_margin=&#8221;||&#8221; custom_padding=&#8221;||40px|78px||&#8221; custom_padding_tablet=&#8221;40px|30px|0px|0px&#8221; custom_padding_phone=&#8221;&#8221; custom_padding_last_edited=&#8221;on|tablet&#8221; background_last_edited=&#8221;on|desktop&#8221; background_position_tablet=&#8221;top_right&#8221; box_shadow_style=&#8221;preset3&#8243; box_shadow_vertical=&#8221;20px&#8221; box_shadow_blur=&#8221;80px&#8221; box_shadow_spread=&#8221;0px&#8221; box_shadow_color=&#8221;rgba(67,58,122,0.2)&#8221;][\/et_pb_image][et_pb_text _builder_version=&#8221;4.8.0&#8243; _module_preset=&#8221;default&#8221; text_font=&#8221;Old Standard TT||||||||&#8221; custom_margin=&#8221;-46px||||false|false&#8221;]\n<h6 style=\"text-align: center;\"><strong>Alexis Soriano conductor<\/strong><\/h6>\n[\/et_pb_text][\/et_pb_column][et_pb_column type=&#8221;2_5&#8243; _builder_version=&#8221;3.25&#8243; custom_padding=&#8221;|||&#8221; custom_padding__hover=&#8221;|||&#8221;][et_pb_cta title=&#8221;The concert program&#8221; button_url=&#8221;#&#8221; _builder_version=&#8221;4.8.0&#8243; header_level=&#8221;h3&#8243; header_font=&#8221;|700|||||||&#8221; header_font_size=&#8221;24px&#8221; header_line_height=&#8221;1.3em&#8221; body_font=&#8221;||||||||&#8221; body_text_align=&#8221;justify&#8221; body_font_size=&#8221;16px&#8221; background_color=&#8221;#ffffff&#8221; custom_button=&#8221;on&#8221; button_text_size=&#8221;14px&#8221; button_text_color=&#8221;#000000&#8243; button_bg_color=&#8221;rgba(0,0,0,0)&#8221; button_bg_color_gradient_start=&#8221;#ffffff&#8221; button_bg_color_gradient_end=&#8221;#000000&#8243; button_bg_color_gradient_start_position=&#8221;90%&#8221; button_border_width=&#8221;0px&#8221; button_border_radius=&#8221;0px&#8221; button_letter_spacing=&#8221;0px&#8221; button_font=&#8221;|700|||||||&#8221; button_custom_padding=&#8221;|0px||0px||true&#8221; transform_scale_tablet=&#8221;&#8221; transform_scale_phone=&#8221;&#8221; transform_scale_last_edited=&#8221;on|desktop&#8221; transform_translate=&#8221;-120px|40px&#8221; transform_translate_tablet=&#8221;0px|0px&#8221; transform_translate_phone=&#8221;&#8221; transform_translate_last_edited=&#8221;on|phone&#8221; transform_translate_linked=&#8221;off&#8221; transform_rotate_tablet=&#8221;&#8221; transform_rotate_phone=&#8221;&#8221; transform_rotate_last_edited=&#8221;on|desktop&#8221; transform_skew_tablet=&#8221;&#8221; transform_skew_phone=&#8221;&#8221; transform_skew_last_edited=&#8221;on|desktop&#8221; transform_origin_tablet=&#8221;&#8221; transform_origin_phone=&#8221;&#8221; transform_origin_last_edited=&#8221;on|desktop&#8221; transform_styles_last_edited=&#8221;on|phone&#8221; text_orientation=&#8221;left&#8221; background_layout=&#8221;light&#8221; custom_margin_tablet=&#8221;||-60px|&#8221; custom_margin_last_edited=&#8221;off|tablet&#8221; header_font_size_last_edited=&#8221;off|desktop&#8221; transform_styles_tablet=&#8221;&#8221; transform_styles_phone=&#8221;&#8221; box_shadow_style=&#8221;preset3&#8243; box_shadow_horizontal=&#8221;-70px&#8221; box_shadow_vertical=&#8221;70px&#8221; box_shadow_blur=&#8221;80px&#8221; box_shadow_spread=&#8221;0px&#8221; box_shadow_color=&#8221;rgba(67,58,122,0.1)&#8221; box_shadow_style_button=&#8221;preset2&#8243; box_shadow_horizontal_button=&#8221;0px&#8221; box_shadow_vertical_button=&#8221;1px&#8221; box_shadow_blur_button=&#8221;0px&#8221; box_shadow_color_button=&#8221;#000000&#8243;]\n<div class=\"field field--name-node-title field--type-ds field--label-hidden field--item\">\n<h4><strong style=\"font-size: 16px;\">ALEXIS SORIANO<\/strong><\/h4>\n<\/div>\n<div class=\"field field--name-field-description-productions field--type-text-with-summary field--label-visually_hidden\">\n<div class=\"field--item\">\n<p>El Rayo que no cesa<\/p>\n<p>(On poems by Miguel Hern\u00e1ndez)<\/p>\n<p>&nbsp;<\/p>\n<h4><strong>RICARDO LLORCA<\/strong><\/h4>\n<p>Combat del Somni<\/p>\n<p>&nbsp;<\/p>\n<p>Opera and Zarzuela arias<\/p>\n<\/div>\n<\/div>\n[\/et_pb_cta][\/et_pb_column][\/et_pb_row][\/et_pb_section]\n","protected":false},"excerpt":{"rendered":"<p>Alfredo Garc\u00eda, baritone<br \/>\nRosa Torres Pardo, piano<br \/>\nGala P\u00e9rez I\u00f1esta, viol\u00edn<\/p>\n","protected":false},"author":1,"featured_media":210161,"comment_status":"open","ping_status":"open","sticky":false,"template":"","format":"standard","meta":{"_et_pb_use_builder":"on","_et_pb_old_content":"","_et_gb_content_width":"","_mi_skip_tracking":false,"_links_to":"","_links_to_target":""},"categories":[14],"tags":[],"yoast_head":"<!-- This site is optimized with the Yoast SEO plugin v20.3 - https:\/\/yoast.com\/wordpress\/plugins\/seo\/ -->\n<title>Concert at the II Classic Alborada Festival October 23, 2021<\/title>\n<meta name=\"description\" content=\"Concert at the II Classic Alborada Festival October 23, 2021. Alfredo Garc\u00eda, baritone. Rosa Torres Pardo, piano - Gala P\u00e9rez I\u00f1esta, viol\u00edn\" \/>\n<meta name=\"robots\" content=\"index, follow, max-snippet:-1, max-image-preview:large, max-video-preview:-1\" \/>\n<link rel=\"canonical\" href=\"https:\/\/alfredogarcia.com\/english\/blog\/concert-at-the-ii-classic-alborada-festival-october-23-2021\/\" \/>\n<meta property=\"og:locale\" content=\"en_US\" \/>\n<meta property=\"og:type\" content=\"article\" \/>\n<meta property=\"og:title\" content=\"Recital Alfredo Garc\u00eda bar\u00edtono.Teatro Col\u00f3n de Buenos Aires. 14 de diciembre de 2019\" \/>\n<meta property=\"og:description\" content=\"Alfredo Garc\u00eda, bar\u00edtono Marcelo Ayub piano Obras de Alb\u00e9niz, Ravel, Ganados, R. Halffter, Montsalvatge y Vert. Sal\u00f3n Dorado\" \/>\n<meta property=\"og:url\" content=\"https:\/\/alfredogarcia.com\/english\/blog\/concert-at-the-ii-classic-alborada-festival-october-23-2021\/\" \/>\n<meta property=\"og:site_name\" content=\"Alfredo Garc\u00eda\" \/>\n<meta property=\"article:published_time\" content=\"2021-01-15T10:05:17+00:00\" \/>\n<meta property=\"article:modified_time\" content=\"2022-01-26T12:22:07+00:00\" \/>\n<meta name=\"author\" content=\"Alfredo Garc\u00eda\" \/>\n<meta name=\"twitter:card\" content=\"summary_large_image\" \/>\n<meta name=\"twitter:title\" content=\"Recital Alfredo Garc\u00eda bar\u00edtono.Teatro Col\u00f3n de Buenos Aires. 14 de diciembre de 2019\" \/>\n<meta name=\"twitter:description\" content=\"Alfredo Garc\u00eda, bar\u00edtono Marcelo Ayub piano Obras de Alb\u00e9niz, Ravel, Ganados, R. Halffter, Montsalvatge y Vert. Sal\u00f3n Dorado\" \/>\n<meta name=\"twitter:label1\" content=\"Written by\" \/>\n\t<meta name=\"twitter:data1\" content=\"Alfredo Garc\u00eda\" \/>\n\t<meta name=\"twitter:label2\" content=\"Est. reading time\" \/>\n\t<meta name=\"twitter:data2\" content=\"2 minutes\" \/>\n<script type=\"application\/ld+json\" class=\"yoast-schema-graph\">{\"@context\":\"https:\/\/schema.org\",\"@graph\":[{\"@type\":\"WebPage\",\"@id\":\"https:\/\/alfredogarcia.com\/english\/blog\/concert-at-the-ii-classic-alborada-festival-october-23-2021\/\",\"url\":\"https:\/\/alfredogarcia.com\/english\/blog\/concert-at-the-ii-classic-alborada-festival-october-23-2021\/\",\"name\":\"Concert at the II Classic Alborada Festival October 23, 2021\",\"isPartOf\":{\"@id\":\"https:\/\/alfredogarcia.com\/english\/#website\"},\"datePublished\":\"2021-01-15T10:05:17+00:00\",\"dateModified\":\"2022-01-26T12:22:07+00:00\",\"author\":{\"@id\":\"https:\/\/alfredogarcia.com\/english\/#\/schema\/person\/f1c2e0d40fcd4deaa92f7585f4661c78\"},\"description\":\"Concert at the II Classic Alborada Festival October 23, 2021. Alfredo Garc\u00eda, baritone. Rosa Torres Pardo, piano - Gala P\u00e9rez I\u00f1esta, viol\u00edn\",\"breadcrumb\":{\"@id\":\"https:\/\/alfredogarcia.com\/english\/blog\/concert-at-the-ii-classic-alborada-festival-october-23-2021\/#breadcrumb\"},\"inLanguage\":\"en-US\",\"potentialAction\":[{\"@type\":\"ReadAction\",\"target\":[\"https:\/\/alfredogarcia.com\/english\/blog\/concert-at-the-ii-classic-alborada-festival-october-23-2021\/\"]}]},{\"@type\":\"BreadcrumbList\",\"@id\":\"https:\/\/alfredogarcia.com\/english\/blog\/concert-at-the-ii-classic-alborada-festival-october-23-2021\/#breadcrumb\",\"itemListElement\":[{\"@type\":\"ListItem\",\"position\":1,\"name\":\"Portada\",\"item\":\"https:\/\/alfredogarcia.com\/english\/\"},{\"@type\":\"ListItem\",\"position\":2,\"name\":\"Concert at the II Classic Alborada Festival October 23, 2021\"}]},{\"@type\":\"WebSite\",\"@id\":\"https:\/\/alfredogarcia.com\/english\/#website\",\"url\":\"https:\/\/alfredogarcia.com\/english\/\",\"name\":\"Alfredo Garc\u00eda\",\"description\":\"Bar\u00edtone\",\"potentialAction\":[{\"@type\":\"SearchAction\",\"target\":{\"@type\":\"EntryPoint\",\"urlTemplate\":\"https:\/\/alfredogarcia.com\/english\/?s={search_term_string}\"},\"query-input\":\"required name=search_term_string\"}],\"inLanguage\":\"en-US\"},{\"@type\":\"Person\",\"@id\":\"https:\/\/alfredogarcia.com\/english\/#\/schema\/person\/f1c2e0d40fcd4deaa92f7585f4661c78\",\"name\":\"Alfredo Garc\u00eda\",\"image\":{\"@type\":\"ImageObject\",\"inLanguage\":\"en-US\",\"@id\":\"https:\/\/alfredogarcia.com\/english\/#\/schema\/person\/image\/\",\"url\":\"https:\/\/secure.gravatar.com\/avatar\/3bab137e283fa6ad0711e570e917daed?s=96&d=mm&r=g\",\"contentUrl\":\"https:\/\/secure.gravatar.com\/avatar\/3bab137e283fa6ad0711e570e917daed?s=96&d=mm&r=g\",\"caption\":\"Alfredo Garc\u00eda\"},\"url\":\"https:\/\/alfredogarcia.com\/english\/blog\/author\/similaresoldofa\/\"}]}<\/script>\n<!-- \/ Yoast SEO plugin. -->","yoast_head_json":{"title":"Concert at the II Classic Alborada Festival October 23, 2021","description":"Concert at the II Classic Alborada Festival October 23, 2021. Alfredo Garc\u00eda, baritone. Rosa Torres Pardo, piano - Gala P\u00e9rez I\u00f1esta, viol\u00edn","robots":{"index":"index","follow":"follow","max-snippet":"max-snippet:-1","max-image-preview":"max-image-preview:large","max-video-preview":"max-video-preview:-1"},"canonical":"https:\/\/alfredogarcia.com\/english\/blog\/concert-at-the-ii-classic-alborada-festival-october-23-2021\/","og_locale":"en_US","og_type":"article","og_title":"Recital Alfredo Garc\u00eda bar\u00edtono.Teatro Col\u00f3n de Buenos Aires. 14 de diciembre de 2019","og_description":"Alfredo Garc\u00eda, bar\u00edtono Marcelo Ayub piano Obras de Alb\u00e9niz, Ravel, Ganados, R. Halffter, Montsalvatge y Vert. Sal\u00f3n Dorado","og_url":"https:\/\/alfredogarcia.com\/english\/blog\/concert-at-the-ii-classic-alborada-festival-october-23-2021\/","og_site_name":"Alfredo Garc\u00eda","article_published_time":"2021-01-15T10:05:17+00:00","article_modified_time":"2022-01-26T12:22:07+00:00","author":"Alfredo Garc\u00eda","twitter_card":"summary_large_image","twitter_title":"Recital Alfredo Garc\u00eda bar\u00edtono.Teatro Col\u00f3n de Buenos Aires. 14 de diciembre de 2019","twitter_description":"Alfredo Garc\u00eda, bar\u00edtono Marcelo Ayub piano Obras de Alb\u00e9niz, Ravel, Ganados, R. Halffter, Montsalvatge y Vert. Sal\u00f3n Dorado","twitter_misc":{"Written by":"Alfredo Garc\u00eda","Est. reading time":"2 minutes"},"schema":{"@context":"https:\/\/schema.org","@graph":[{"@type":"WebPage","@id":"https:\/\/alfredogarcia.com\/english\/blog\/concert-at-the-ii-classic-alborada-festival-october-23-2021\/","url":"https:\/\/alfredogarcia.com\/english\/blog\/concert-at-the-ii-classic-alborada-festival-october-23-2021\/","name":"Concert at the II Classic Alborada Festival October 23, 2021","isPartOf":{"@id":"https:\/\/alfredogarcia.com\/english\/#website"},"datePublished":"2021-01-15T10:05:17+00:00","dateModified":"2022-01-26T12:22:07+00:00","author":{"@id":"https:\/\/alfredogarcia.com\/english\/#\/schema\/person\/f1c2e0d40fcd4deaa92f7585f4661c78"},"description":"Concert at the II Classic Alborada Festival October 23, 2021. Alfredo Garc\u00eda, baritone. Rosa Torres Pardo, piano - Gala P\u00e9rez I\u00f1esta, viol\u00edn","breadcrumb":{"@id":"https:\/\/alfredogarcia.com\/english\/blog\/concert-at-the-ii-classic-alborada-festival-october-23-2021\/#breadcrumb"},"inLanguage":"en-US","potentialAction":[{"@type":"ReadAction","target":["https:\/\/alfredogarcia.com\/english\/blog\/concert-at-the-ii-classic-alborada-festival-october-23-2021\/"]}]},{"@type":"BreadcrumbList","@id":"https:\/\/alfredogarcia.com\/english\/blog\/concert-at-the-ii-classic-alborada-festival-october-23-2021\/#breadcrumb","itemListElement":[{"@type":"ListItem","position":1,"name":"Portada","item":"https:\/\/alfredogarcia.com\/english\/"},{"@type":"ListItem","position":2,"name":"Concert at the II Classic Alborada Festival October 23, 2021"}]},{"@type":"WebSite","@id":"https:\/\/alfredogarcia.com\/english\/#website","url":"https:\/\/alfredogarcia.com\/english\/","name":"Alfredo Garc\u00eda","description":"Bar\u00edtone","potentialAction":[{"@type":"SearchAction","target":{"@type":"EntryPoint","urlTemplate":"https:\/\/alfredogarcia.com\/english\/?s={search_term_string}"},"query-input":"required name=search_term_string"}],"inLanguage":"en-US"},{"@type":"Person","@id":"https:\/\/alfredogarcia.com\/english\/#\/schema\/person\/f1c2e0d40fcd4deaa92f7585f4661c78","name":"Alfredo Garc\u00eda","image":{"@type":"ImageObject","inLanguage":"en-US","@id":"https:\/\/alfredogarcia.com\/english\/#\/schema\/person\/image\/","url":"https:\/\/secure.gravatar.com\/avatar\/3bab137e283fa6ad0711e570e917daed?s=96&d=mm&r=g","contentUrl":"https:\/\/secure.gravatar.com\/avatar\/3bab137e283fa6ad0711e570e917daed?s=96&d=mm&r=g","caption":"Alfredo Garc\u00eda"},"url":"https:\/\/alfredogarcia.com\/english\/blog\/author\/similaresoldofa\/"}]}},"_links":{"self":[{"href":"https:\/\/alfredogarcia.com\/english\/wp-json\/wp\/v2\/posts\/210139"}],"collection":[{"href":"https:\/\/alfredogarcia.com\/english\/wp-json\/wp\/v2\/posts"}],"about":[{"href":"https:\/\/alfredogarcia.com\/english\/wp-json\/wp\/v2\/types\/post"}],"author":[{"embeddable":true,"href":"https:\/\/alfredogarcia.com\/english\/wp-json\/wp\/v2\/users\/1"}],"replies":[{"embeddable":true,"href":"https:\/\/alfredogarcia.com\/english\/wp-json\/wp\/v2\/comments?post=210139"}],"version-history":[{"count":11,"href":"https:\/\/alfredogarcia.com\/english\/wp-json\/wp\/v2\/posts\/210139\/revisions"}],"predecessor-version":[{"id":210165,"href":"https:\/\/alfredogarcia.com\/english\/wp-json\/wp\/v2\/posts\/210139\/revisions\/210165"}],"wp:featuredmedia":[{"embeddable":true,"href":"https:\/\/alfredogarcia.com\/english\/wp-json\/wp\/v2\/media\/210161"}],"wp:attachment":[{"href":"https:\/\/alfredogarcia.com\/english\/wp-json\/wp\/v2\/media?parent=210139"}],"wp:term":[{"taxonomy":"category","embeddable":true,"href":"https:\/\/alfredogarcia.com\/english\/wp-json\/wp\/v2\/categories?post=210139"},{"taxonomy":"post_tag","embeddable":true,"href":"https:\/\/alfredogarcia.com\/english\/wp-json\/wp\/v2\/tags?post=210139"}],"curies":[{"name":"wp","href":"https:\/\/api.w.org\/{rel}","templated":true}]}}