{"id":209914,"date":"2019-08-22T17:39:28","date_gmt":"2019-08-22T17:39:28","guid":{"rendered":"http:\/\/alfredogarcia.com\/english\/?p=209914"},"modified":"2019-10-28T14:34:18","modified_gmt":"2019-10-28T14:34:18","slug":"copy-of-requiem-de-w-a-mozart-orquesta-sinfonica-de-navarra-august-22-2019","status":"publish","type":"post","link":"https:\/\/alfredogarcia.com\/english\/blog\/copy-of-requiem-de-w-a-mozart-orquesta-sinfonica-de-navarra-august-22-2019\/","title":{"rendered":"R\u00e9quiem de W.A.Mozart. Orquesta Sinf\u00f3nica de Navarra. August 22, 2019"},"content":{"rendered":"[et_pb_section fb_built=&#8221;1&#8243; fullwidth=&#8221;on&#8221; custom_padding_last_edited=&#8221;on|phone&#8221; admin_label=&#8221;section&#8221; _builder_version=&#8221;3.22.3&#8243; custom_margin_last_edited=&#8221;on|phone&#8221; custom_padding_tablet=&#8221;50px|0|50px|0&#8243; custom_padding_phone=&#8221;|||0px&#8221; transparent_background=&#8221;off&#8221; fb_built=&#8221;1&#8243; _i=&#8221;0&#8243; _address=&#8221;0&#8243;][et_pb_fullwidth_header title=&#8221;R\u00e9quiem de W.A.Mozart&#8221; subhead=&#8221;Orquesta Sinf\u00f3nica de Navarra.<\/p>\n<p>August 22, 2019. Roncal&#8221; header_fullscreen=&#8221;on&#8221; header_scroll_down=&#8221;on&#8221; scroll_down_icon=&#8221;%%1%%&#8221; button_one_text=&#8221;News in Toda la Musica&#8221; button_one_url=&#8221;https:\/\/www.todalamusica.es\/el-baritono-alfredo-garcia-en-navarra-con-mozart\/&#8221; background_overlay_color=&#8221;rgba(0,0,0,0.39)&#8221; _builder_version=&#8221;3.24.1&#8243; title_font=&#8221;|||on|||||&#8221; title_text_align=&#8221;left&#8221; title_font_size=&#8221;40px&#8221; title_line_height=&#8221;1.7em&#8221; content_font=&#8221;||||||||&#8221; content_text_align=&#8221;left&#8221; content_font_size=&#8221;18px&#8221; subhead_font=&#8221;Old Standard TT|on|||&#8221; subhead_text_align=&#8221;left&#8221; subhead_font_size=&#8221;27px&#8221; background_color=&#8221;rgba(255,255,255,0)&#8221; background_image=&#8221;http:\/\/alfredogarcia.com\/wp-content\/uploads\/2017\/10\/IMG_4667.jpg&#8221; parallax=&#8221;on&#8221; custom_margin=&#8221;0px||0px|-126px&#8221; custom_margin_phone=&#8221;|||0px&#8221; custom_margin_last_edited=&#8221;on|desktop&#8221; custom_padding=&#8221;0px|0px|20px|0px&#8221; button_one_text_size__hover_enabled=&#8221;off&#8221; button_two_text_size__hover_enabled=&#8221;off&#8221; button_one_text_color__hover_enabled=&#8221;off&#8221; button_two_text_color__hover_enabled=&#8221;off&#8221; button_one_border_width__hover_enabled=&#8221;off&#8221; button_two_border_width__hover_enabled=&#8221;off&#8221; button_one_border_color__hover_enabled=&#8221;off&#8221; button_two_border_color__hover_enabled=&#8221;off&#8221; button_one_border_radius__hover_enabled=&#8221;off&#8221; button_two_border_radius__hover_enabled=&#8221;off&#8221; button_one_letter_spacing__hover_enabled=&#8221;off&#8221; button_two_letter_spacing__hover_enabled=&#8221;off&#8221; button_one_bg_color__hover_enabled=&#8221;off&#8221; button_two_bg_color__hover_enabled=&#8221;off&#8221; _i=&#8221;0&#8243; _address=&#8221;0.0&#8243;]\n<p>&nbsp;<\/p>\n<p><strong>Sof\u00eda Esparza<\/strong>, Soprano<br \/> <strong>Esmeralda Espinosa<\/strong>, Alto<br \/> <strong>Juan Antonio Sanabria,<\/strong>\u00a0Tenor<br \/> <strong>Alfredo Garc\u00eda<\/strong>, Baritone<br \/> <strong>Coral de C\u00e1mara de Pamplona,<\/strong> director <strong>David G\u00e1lvez<\/strong><br \/> <strong>Orquesta Sinf\u00f3nica de Navarra<\/strong><\/p>\n<p><strong>Manuel Hern\u00e1ndez-Silva<\/strong>, Conductor<\/p>\n<p>&nbsp;<\/p>\n<p>&nbsp;<\/p>\n[\/et_pb_fullwidth_header][\/et_pb_section]\n","protected":false},"excerpt":{"rendered":"<p>Sof\u00eda Esparza, Soprano<br \/>\nEsmeralda Espinosa, Alto<br \/>\nJuan Antonio Sanabria, Tenor<br \/>\nAlfredo Garc\u00eda, baritone<\/p>\n<p>Coral de C\u00e1mara de Pamplona,<br \/>\nOrquesta Sinf\u00f3nica de Navarra<br \/>\nManuel Hern\u00e1ndez-Silva, Conductor<\/p>\n","protected":false},"author":1,"featured_media":209909,"comment_status":"open","ping_status":"open","sticky":false,"template":"","format":"standard","meta":{"_et_pb_use_builder":"on","_et_pb_old_content":"","_et_gb_content_width":"","_mi_skip_tracking":false,"_links_to":"","_links_to_target":""},"categories":[14],"tags":[],"yoast_head":"<!-- This site is optimized with the Yoast SEO plugin v20.3 - https:\/\/yoast.com\/wordpress\/plugins\/seo\/ -->\n<title>R\u00e9quiem by W.A.Mozart. Orquesta Sinf\u00f3nica de Navarra. August 22, 2019<\/title>\n<meta name=\"description\" content=\"R\u00e9quiem by W.A.Mozart. Orquesta Sinf\u00f3nica de Navarra. August 22, 2019. Alfredo Garc\u00eda baritone. Coral C\u00e1mara de Pamplona. Manuel Hern\u00e1ndez-Silva conductor\" \/>\n<meta name=\"robots\" content=\"index, follow, max-snippet:-1, max-image-preview:large, max-video-preview:-1\" \/>\n<link rel=\"canonical\" href=\"https:\/\/alfredogarcia.com\/english\/blog\/copy-of-requiem-de-w-a-mozart-orquesta-sinfonica-de-navarra-august-22-2019\/\" \/>\n<meta property=\"og:locale\" content=\"en_US\" \/>\n<meta property=\"og:type\" content=\"article\" \/>\n<meta property=\"og:title\" content=\"R\u00e9quiem by W.A.Mozart. Orquesta Sinf\u00f3nica de Navarra. August 22, 2019\" \/>\n<meta property=\"og:description\" content=\"R\u00e9quiem by W.A.Mozart. Orquesta Sinf\u00f3nica de Navarra. August 22, 2019. Alfredo Garc\u00eda baritone. Coral C\u00e1mara de Pamplona. Manuel Hern\u00e1ndez-Silva conductor\" \/>\n<meta property=\"og:url\" content=\"https:\/\/alfredogarcia.com\/english\/blog\/copy-of-requiem-de-w-a-mozart-orquesta-sinfonica-de-navarra-august-22-2019\/\" \/>\n<meta property=\"og:site_name\" content=\"Alfredo Garc\u00eda\" \/>\n<meta property=\"article:published_time\" content=\"2019-08-22T17:39:28+00:00\" \/>\n<meta property=\"article:modified_time\" content=\"2019-10-28T14:34:18+00:00\" \/>\n<meta property=\"og:image\" content=\"https:\/\/alfredogarcia.com\/english\/wp-content\/uploads\/sites\/5\/2019\/06\/IMG_4667.jpg\" \/>\n\t<meta property=\"og:image:width\" content=\"3200\" \/>\n\t<meta property=\"og:image:height\" content=\"1798\" \/>\n\t<meta property=\"og:image:type\" content=\"image\/jpeg\" \/>\n<meta name=\"author\" content=\"Alfredo Garc\u00eda\" \/>\n<meta name=\"twitter:card\" content=\"summary_large_image\" \/>\n<meta name=\"twitter:label1\" content=\"Written by\" \/>\n\t<meta name=\"twitter:data1\" content=\"Alfredo Garc\u00eda\" \/>\n\t<meta name=\"twitter:label2\" content=\"Est. reading time\" \/>\n\t<meta name=\"twitter:data2\" content=\"2 minutes\" \/>\n<script type=\"application\/ld+json\" class=\"yoast-schema-graph\">{\"@context\":\"https:\/\/schema.org\",\"@graph\":[{\"@type\":\"WebPage\",\"@id\":\"https:\/\/alfredogarcia.com\/english\/blog\/copy-of-requiem-de-w-a-mozart-orquesta-sinfonica-de-navarra-august-22-2019\/\",\"url\":\"https:\/\/alfredogarcia.com\/english\/blog\/copy-of-requiem-de-w-a-mozart-orquesta-sinfonica-de-navarra-august-22-2019\/\",\"name\":\"R\u00e9quiem by W.A.Mozart. Orquesta Sinf\u00f3nica de Navarra. August 22, 2019\",\"isPartOf\":{\"@id\":\"https:\/\/alfredogarcia.com\/english\/#website\"},\"datePublished\":\"2019-08-22T17:39:28+00:00\",\"dateModified\":\"2019-10-28T14:34:18+00:00\",\"author\":{\"@id\":\"https:\/\/alfredogarcia.com\/english\/#\/schema\/person\/f1c2e0d40fcd4deaa92f7585f4661c78\"},\"description\":\"R\u00e9quiem by W.A.Mozart. Orquesta Sinf\u00f3nica de Navarra. August 22, 2019. Alfredo Garc\u00eda baritone. Coral C\u00e1mara de Pamplona. Manuel Hern\u00e1ndez-Silva conductor\",\"breadcrumb\":{\"@id\":\"https:\/\/alfredogarcia.com\/english\/blog\/copy-of-requiem-de-w-a-mozart-orquesta-sinfonica-de-navarra-august-22-2019\/#breadcrumb\"},\"inLanguage\":\"en-US\",\"potentialAction\":[{\"@type\":\"ReadAction\",\"target\":[\"https:\/\/alfredogarcia.com\/english\/blog\/copy-of-requiem-de-w-a-mozart-orquesta-sinfonica-de-navarra-august-22-2019\/\"]}]},{\"@type\":\"BreadcrumbList\",\"@id\":\"https:\/\/alfredogarcia.com\/english\/blog\/copy-of-requiem-de-w-a-mozart-orquesta-sinfonica-de-navarra-august-22-2019\/#breadcrumb\",\"itemListElement\":[{\"@type\":\"ListItem\",\"position\":1,\"name\":\"Portada\",\"item\":\"https:\/\/alfredogarcia.com\/english\/\"},{\"@type\":\"ListItem\",\"position\":2,\"name\":\"R\u00e9quiem de W.A.Mozart. Orquesta Sinf\u00f3nica de Navarra. August 22, 2019\"}]},{\"@type\":\"WebSite\",\"@id\":\"https:\/\/alfredogarcia.com\/english\/#website\",\"url\":\"https:\/\/alfredogarcia.com\/english\/\",\"name\":\"Alfredo Garc\u00eda\",\"description\":\"Bar\u00edtone\",\"potentialAction\":[{\"@type\":\"SearchAction\",\"target\":{\"@type\":\"EntryPoint\",\"urlTemplate\":\"https:\/\/alfredogarcia.com\/english\/?s={search_term_string}\"},\"query-input\":\"required name=search_term_string\"}],\"inLanguage\":\"en-US\"},{\"@type\":\"Person\",\"@id\":\"https:\/\/alfredogarcia.com\/english\/#\/schema\/person\/f1c2e0d40fcd4deaa92f7585f4661c78\",\"name\":\"Alfredo Garc\u00eda\",\"image\":{\"@type\":\"ImageObject\",\"inLanguage\":\"en-US\",\"@id\":\"https:\/\/alfredogarcia.com\/english\/#\/schema\/person\/image\/\",\"url\":\"https:\/\/secure.gravatar.com\/avatar\/3bab137e283fa6ad0711e570e917daed?s=96&d=mm&r=g\",\"contentUrl\":\"https:\/\/secure.gravatar.com\/avatar\/3bab137e283fa6ad0711e570e917daed?s=96&d=mm&r=g\",\"caption\":\"Alfredo Garc\u00eda\"},\"url\":\"https:\/\/alfredogarcia.com\/english\/blog\/author\/similaresoldofa\/\"}]}<\/script>\n<!-- \/ Yoast SEO plugin. -->","yoast_head_json":{"title":"R\u00e9quiem by W.A.Mozart. Orquesta Sinf\u00f3nica de Navarra. August 22, 2019","description":"R\u00e9quiem by W.A.Mozart. Orquesta Sinf\u00f3nica de Navarra. August 22, 2019. Alfredo Garc\u00eda baritone. Coral C\u00e1mara de Pamplona. Manuel Hern\u00e1ndez-Silva conductor","robots":{"index":"index","follow":"follow","max-snippet":"max-snippet:-1","max-image-preview":"max-image-preview:large","max-video-preview":"max-video-preview:-1"},"canonical":"https:\/\/alfredogarcia.com\/english\/blog\/copy-of-requiem-de-w-a-mozart-orquesta-sinfonica-de-navarra-august-22-2019\/","og_locale":"en_US","og_type":"article","og_title":"R\u00e9quiem by W.A.Mozart. Orquesta Sinf\u00f3nica de Navarra. August 22, 2019","og_description":"R\u00e9quiem by W.A.Mozart. Orquesta Sinf\u00f3nica de Navarra. August 22, 2019. Alfredo Garc\u00eda baritone. Coral C\u00e1mara de Pamplona. Manuel Hern\u00e1ndez-Silva conductor","og_url":"https:\/\/alfredogarcia.com\/english\/blog\/copy-of-requiem-de-w-a-mozart-orquesta-sinfonica-de-navarra-august-22-2019\/","og_site_name":"Alfredo Garc\u00eda","article_published_time":"2019-08-22T17:39:28+00:00","article_modified_time":"2019-10-28T14:34:18+00:00","og_image":[{"width":3200,"height":1798,"url":"https:\/\/alfredogarcia.com\/english\/wp-content\/uploads\/sites\/5\/2019\/06\/IMG_4667.jpg","type":"image\/jpeg"}],"author":"Alfredo Garc\u00eda","twitter_card":"summary_large_image","twitter_misc":{"Written by":"Alfredo Garc\u00eda","Est. reading time":"2 minutes"},"schema":{"@context":"https:\/\/schema.org","@graph":[{"@type":"WebPage","@id":"https:\/\/alfredogarcia.com\/english\/blog\/copy-of-requiem-de-w-a-mozart-orquesta-sinfonica-de-navarra-august-22-2019\/","url":"https:\/\/alfredogarcia.com\/english\/blog\/copy-of-requiem-de-w-a-mozart-orquesta-sinfonica-de-navarra-august-22-2019\/","name":"R\u00e9quiem by W.A.Mozart. Orquesta Sinf\u00f3nica de Navarra. August 22, 2019","isPartOf":{"@id":"https:\/\/alfredogarcia.com\/english\/#website"},"datePublished":"2019-08-22T17:39:28+00:00","dateModified":"2019-10-28T14:34:18+00:00","author":{"@id":"https:\/\/alfredogarcia.com\/english\/#\/schema\/person\/f1c2e0d40fcd4deaa92f7585f4661c78"},"description":"R\u00e9quiem by W.A.Mozart. Orquesta Sinf\u00f3nica de Navarra. August 22, 2019. Alfredo Garc\u00eda baritone. Coral C\u00e1mara de Pamplona. Manuel Hern\u00e1ndez-Silva conductor","breadcrumb":{"@id":"https:\/\/alfredogarcia.com\/english\/blog\/copy-of-requiem-de-w-a-mozart-orquesta-sinfonica-de-navarra-august-22-2019\/#breadcrumb"},"inLanguage":"en-US","potentialAction":[{"@type":"ReadAction","target":["https:\/\/alfredogarcia.com\/english\/blog\/copy-of-requiem-de-w-a-mozart-orquesta-sinfonica-de-navarra-august-22-2019\/"]}]},{"@type":"BreadcrumbList","@id":"https:\/\/alfredogarcia.com\/english\/blog\/copy-of-requiem-de-w-a-mozart-orquesta-sinfonica-de-navarra-august-22-2019\/#breadcrumb","itemListElement":[{"@type":"ListItem","position":1,"name":"Portada","item":"https:\/\/alfredogarcia.com\/english\/"},{"@type":"ListItem","position":2,"name":"R\u00e9quiem de W.A.Mozart. Orquesta Sinf\u00f3nica de Navarra. August 22, 2019"}]},{"@type":"WebSite","@id":"https:\/\/alfredogarcia.com\/english\/#website","url":"https:\/\/alfredogarcia.com\/english\/","name":"Alfredo Garc\u00eda","description":"Bar\u00edtone","potentialAction":[{"@type":"SearchAction","target":{"@type":"EntryPoint","urlTemplate":"https:\/\/alfredogarcia.com\/english\/?s={search_term_string}"},"query-input":"required name=search_term_string"}],"inLanguage":"en-US"},{"@type":"Person","@id":"https:\/\/alfredogarcia.com\/english\/#\/schema\/person\/f1c2e0d40fcd4deaa92f7585f4661c78","name":"Alfredo Garc\u00eda","image":{"@type":"ImageObject","inLanguage":"en-US","@id":"https:\/\/alfredogarcia.com\/english\/#\/schema\/person\/image\/","url":"https:\/\/secure.gravatar.com\/avatar\/3bab137e283fa6ad0711e570e917daed?s=96&d=mm&r=g","contentUrl":"https:\/\/secure.gravatar.com\/avatar\/3bab137e283fa6ad0711e570e917daed?s=96&d=mm&r=g","caption":"Alfredo Garc\u00eda"},"url":"https:\/\/alfredogarcia.com\/english\/blog\/author\/similaresoldofa\/"}]}},"_links":{"self":[{"href":"https:\/\/alfredogarcia.com\/english\/wp-json\/wp\/v2\/posts\/209914"}],"collection":[{"href":"https:\/\/alfredogarcia.com\/english\/wp-json\/wp\/v2\/posts"}],"about":[{"href":"https:\/\/alfredogarcia.com\/english\/wp-json\/wp\/v2\/types\/post"}],"author":[{"embeddable":true,"href":"https:\/\/alfredogarcia.com\/english\/wp-json\/wp\/v2\/users\/1"}],"replies":[{"embeddable":true,"href":"https:\/\/alfredogarcia.com\/english\/wp-json\/wp\/v2\/comments?post=209914"}],"version-history":[{"count":10,"href":"https:\/\/alfredogarcia.com\/english\/wp-json\/wp\/v2\/posts\/209914\/revisions"}],"predecessor-version":[{"id":210019,"href":"https:\/\/alfredogarcia.com\/english\/wp-json\/wp\/v2\/posts\/209914\/revisions\/210019"}],"wp:featuredmedia":[{"embeddable":true,"href":"https:\/\/alfredogarcia.com\/english\/wp-json\/wp\/v2\/media\/209909"}],"wp:attachment":[{"href":"https:\/\/alfredogarcia.com\/english\/wp-json\/wp\/v2\/media?parent=209914"}],"wp:term":[{"taxonomy":"category","embeddable":true,"href":"https:\/\/alfredogarcia.com\/english\/wp-json\/wp\/v2\/categories?post=209914"},{"taxonomy":"post_tag","embeddable":true,"href":"https:\/\/alfredogarcia.com\/english\/wp-json\/wp\/v2\/tags?post=209914"}],"curies":[{"name":"wp","href":"https:\/\/api.w.org\/{rel}","templated":true}]}}