{"id":209856,"date":"2019-04-12T15:01:17","date_gmt":"2019-04-12T15:01:17","guid":{"rendered":"http:\/\/alfredogarcia.com\/english\/?p=209856"},"modified":"2019-04-12T15:14:51","modified_gmt":"2019-04-12T15:14:51","slug":"alfredo-garcia-at-the-i-international-meeting-of-zarzuela","status":"publish","type":"post","link":"https:\/\/alfredogarcia.com\/english\/blog\/alfredo-garcia-at-the-i-international-meeting-of-zarzuela\/","title":{"rendered":"Alfredo Garc\u00eda at the I International Meeting of Zarzuela"},"content":{"rendered":"[et_pb_section bb_built=&#8221;1&#8243; admin_label=&#8221;section&#8221; fullwidth=&#8221;on&#8221; custom_padding_last_edited=&#8221;on|phone&#8221; disabled_on=&#8221;off|off|off&#8221; _builder_version=&#8221;3.21.4&#8243; custom_padding_tablet=&#8221;50px|0|50px|0&#8243; custom_padding_phone=&#8221;0px||0px&#8221; transparent_background=&#8221;off&#8221; next_background_color=&#8221;#000000&#8243;][et_pb_fullwidth_header title=&#8221;Alfredo Garc\u00eda at the <br \/> I International Meeting<br \/> of zarzuela<br \/> With the participation of <br \/>Pl\u00e1cido Domingo&#8221; header_fullscreen=&#8221;on&#8221; header_scroll_down=&#8221;on&#8221; scroll_down_icon=&#8221;%%1%%&#8221; button_one_url=&#8221;https:\/\/app.arts-people.com\/index.php?performance=360324&#8243; background_overlay_color=&#8221;rgba(0,0,0,0.47)&#8221; _builder_version=&#8221;3.21.4&#8243; title_font=&#8221;|||on|||||&#8221; title_text_align=&#8221;right&#8221; title_font_size=&#8221;33&#8243; title_font_size_phone=&#8221;20px&#8221; title_font_size_last_edited=&#8221;on|phone&#8221; content_text_align=&#8221;right&#8221; content_font_size=&#8221;12px&#8221; content_font_size_last_edited=&#8221;on|desktop&#8221; subhead_font=&#8221;Old Standard TT|on|||&#8221; subhead_text_align=&#8221;left&#8221; subhead_font_size=&#8221;20px&#8221; background_color=&#8221;rgba(255,255,255,0)&#8221; background_image=&#8221;http:\/\/alfredogarcia.com\/wp-content\/uploads\/2019\/04\/F3417350-B12D-493F-A34D-5D92415AF47D.jpeg&#8221; parallax=&#8221;on&#8221; max_width_tablet=&#8221;50px&#8221; custom_margin=&#8221;||73px&#8221; custom_margin_phone=&#8221;0px||88px|0px&#8221; custom_margin_last_edited=&#8221;on|phone&#8221; custom_padding=&#8221;0px||94px|100px&#8221; button_one_text_size__hover_enabled=&#8221;off&#8221; button_two_text_size__hover_enabled=&#8221;off&#8221; button_one_text_color__hover_enabled=&#8221;off&#8221; button_two_text_color__hover_enabled=&#8221;off&#8221; button_one_border_width__hover_enabled=&#8221;off&#8221; button_two_border_width__hover_enabled=&#8221;off&#8221; button_one_border_color__hover_enabled=&#8221;off&#8221; button_two_border_color__hover_enabled=&#8221;off&#8221; button_one_border_radius__hover_enabled=&#8221;off&#8221; button_two_border_radius__hover_enabled=&#8221;off&#8221; button_one_letter_spacing__hover_enabled=&#8221;off&#8221; button_two_letter_spacing__hover_enabled=&#8221;off&#8221; button_one_bg_color__hover_enabled=&#8221;off&#8221; button_two_bg_color__hover_enabled=&#8221;off&#8221; z_index_tablet=&#8221;500&#8243;]\n<p>Photo: \u00a9Catherine Krulik<\/p>\n[\/et_pb_fullwidth_header][\/et_pb_section][et_pb_section bb_built=&#8221;1&#8243; _builder_version=&#8221;3.21.4&#8243; custom_margin=&#8221;-72px||&#8221; custom_margin_phone=&#8221;-85px||&#8221; custom_margin_last_edited=&#8221;on|phone&#8221; prev_background_color=&#8221;#000000&#8243;][et_pb_row make_fullwidth=&#8221;on&#8221; use_custom_gutter=&#8221;on&#8221; gutter_width=&#8221;2&#8243; background_position_1=&#8221;top_left&#8221; background_repeat_1=&#8221;no-repeat&#8221; _builder_version=&#8221;3.21.4&#8243; custom_margin_phone=&#8221;-38px||0px&#8221; custom_margin_last_edited=&#8221;on|phone&#8221;][et_pb_column type=&#8221;3_5&#8243;][et_pb_text _builder_version=&#8221;3.21.4&#8243; header_2_font_size_phone=&#8221;23px&#8221; header_2_font_size_last_edited=&#8221;on|phone&#8221; box_shadow_style=&#8221;preset2&#8243; custom_padding=&#8221;15px|15px|15px|15px&#8221; z_index_tablet=&#8221;500&#8243;]\n<div style=\"text-align: justify;\">\n<h2 style=\"text-align: center;\">\u00a0I International Meeting of Zarzuela<\/h2>\n<p>\u00a0<\/p>\n<\/div>\n<p>The gala Her Majesty, the zarzuela will close on April 18 in Zapop\u00e1n, in the State of Jalisco, Mexico, the <a href=\"http:\/\/operaactual.com\/portada\/oa-223-la-zarzuela-revive-en-america-y-saca-pecho\/\">First International Meeting of Zarzuela<\/a> that takes place between April 15 and 18 in the city of Tequila and is organized by the association <a href=\"https:\/\/zarzuelaporelmundo.org\/\" data-wplink-edit=\"true\">Zarzuela for the World<\/a>. The gala, which will feature the special participation of Pl\u00e1cido Domingo as an orchestra conductor, will star the sopranos <strong>Ainhoa Arteta, Laura Sheerin and Ver\u00f3nica Villarroel, the mezzo-sopranos Nancy Fabiola Herrera and Amelia Font, the tenor Benito Rodr\u00edguez and the baritones Alfredo Garc\u00eda and Juan Carlos Heredia.<\/strong><\/p>\n<p>\u00a0<\/p>\n<p style=\"text-align: justify;\">At the meeting will be developed papers, round tables, master classes of singing open to the public and the closing concert in which the Pl\u00e1cido Domingo will take the baton as director.<\/p>\n[\/et_pb_text][\/et_pb_column][et_pb_column type=&#8221;2_5&#8243;][et_pb_image src=&#8221;http:\/\/alfredogarcia.com\/wp-content\/uploads\/2019\/04\/0A51B1D6-0D1F-443B-94C6-0C337B256185.jpeg&#8221; _builder_version=&#8221;3.21.4&#8243; box_shadow_style=&#8221;preset2&#8243; custom_margin=&#8221;|||&#8221;]\n<p><\/p>\n[\/et_pb_image][\/et_pb_column][\/et_pb_row][et_pb_row _builder_version=&#8221;3.21.4&#8243; custom_margin_phone=&#8221;-28px||&#8221; custom_margin_last_edited=&#8221;on|phone&#8221;][et_pb_column type=&#8221;4_4&#8243;][et_pb_image src=&#8221;http:\/\/alfredogarcia.com\/wp-content\/uploads\/2019\/04\/IMG_6874bb.jpg&#8221; _builder_version=&#8221;3.21.4&#8243;]\n<p><\/p>\n[\/et_pb_image][\/et_pb_column][\/et_pb_row][\/et_pb_section]\n","protected":false},"excerpt":{"rendered":"<p>With the participation of Pl\u00e1cido Domingo<\/p>\n<p>Ainhoa Arteta Soprano<br \/>\nLaura Sheerin Soprano<br \/>\nVer\u00f3nica Villarroel Soprano<br \/>\nNancy Fabiola Herrera Mezzo-soprano<br \/>\nAmelia Font Mezzo-soprano<br \/>\nBenito Rodr\u00edguez Tenor<br \/>\nAlfredo Garc\u00eda Bar\u00edtono<br \/>\nJuan Carlos Heredia Bar\u00edtono<\/p>\n","protected":false},"author":1,"featured_media":209857,"comment_status":"open","ping_status":"open","sticky":false,"template":"","format":"standard","meta":{"_et_pb_use_builder":"on","_et_pb_old_content":"","_et_gb_content_width":"","_mi_skip_tracking":false,"_links_to":"","_links_to_target":""},"categories":[15],"tags":[],"yoast_head":"<!-- This site is optimized with the Yoast SEO plugin v20.3 - https:\/\/yoast.com\/wordpress\/plugins\/seo\/ -->\n<title>Alfredo Garc\u00eda at the I International Meeting of Zarzuela<\/title>\n<meta name=\"description\" content=\"The gala de zarzuela will close on April 18, 2019 in Zapop\u00e1n, Mexico, the I International Meeting of Zarzuela with the participation of Pl\u00e1cido Domingo.\" \/>\n<meta name=\"robots\" content=\"index, follow, max-snippet:-1, max-image-preview:large, max-video-preview:-1\" \/>\n<link rel=\"canonical\" href=\"https:\/\/alfredogarcia.com\/english\/blog\/alfredo-garcia-at-the-i-international-meeting-of-zarzuela\/\" \/>\n<meta property=\"og:locale\" content=\"en_US\" \/>\n<meta property=\"og:type\" content=\"article\" \/>\n<meta property=\"og:title\" content=\"Alfredo Garc\u00eda at the I International Meeting of Zarzuela\" \/>\n<meta property=\"og:description\" content=\"The gala de zarzuela will close on April 18, 2019 in Zapop\u00e1n, Mexico, the I International Meeting of Zarzuela with the participation of Pl\u00e1cido Domingo.\" \/>\n<meta property=\"og:url\" content=\"https:\/\/alfredogarcia.com\/english\/blog\/alfredo-garcia-at-the-i-international-meeting-of-zarzuela\/\" \/>\n<meta property=\"og:site_name\" content=\"Alfredo Garc\u00eda\" \/>\n<meta property=\"article:published_time\" content=\"2019-04-12T15:01:17+00:00\" \/>\n<meta property=\"article:modified_time\" content=\"2019-04-12T15:14:51+00:00\" \/>\n<meta property=\"og:image\" content=\"https:\/\/alfredogarcia.com\/english\/wp-content\/uploads\/sites\/5\/2019\/04\/0A51B1D6-0D1F-443B-94C6-0C337B256185.jpeg\" \/>\n\t<meta property=\"og:image:width\" content=\"1482\" \/>\n\t<meta property=\"og:image:height\" content=\"1040\" \/>\n\t<meta property=\"og:image:type\" content=\"image\/jpeg\" \/>\n<meta name=\"author\" content=\"Alfredo Garc\u00eda\" \/>\n<meta name=\"twitter:card\" content=\"summary_large_image\" \/>\n<meta name=\"twitter:title\" content=\"El Retablo de Maese Pedro - Manuel de Falla\" \/>\n<meta name=\"twitter:description\" content=\"Juanjo Mena, director. Alfredo Garc\u00eda, Don Quijote, Jos\u00e9 Manuel S\u00e1nchez, Maese Pedro, Elena de la Merced, Trujam\u00e1n. ORQUESTA NACIONAL DE ESPA\u00d1A. Auditorio Nacional de M\u00fasica de Madrid.\" \/>\n<meta name=\"twitter:image\" content=\"http:\/\/alfredogarcia.com\/wp-content\/uploads\/2015\/11\/Prom-18-Juanjo-Mena-012.jpg\" \/>\n<meta name=\"twitter:label1\" content=\"Written by\" \/>\n\t<meta name=\"twitter:data1\" content=\"Alfredo Garc\u00eda\" \/>\n\t<meta name=\"twitter:label2\" content=\"Est. reading time\" \/>\n\t<meta name=\"twitter:data2\" content=\"3 minutes\" \/>\n<script type=\"application\/ld+json\" class=\"yoast-schema-graph\">{\"@context\":\"https:\/\/schema.org\",\"@graph\":[{\"@type\":\"WebPage\",\"@id\":\"https:\/\/alfredogarcia.com\/english\/blog\/alfredo-garcia-at-the-i-international-meeting-of-zarzuela\/\",\"url\":\"https:\/\/alfredogarcia.com\/english\/blog\/alfredo-garcia-at-the-i-international-meeting-of-zarzuela\/\",\"name\":\"Alfredo Garc\u00eda at the I International Meeting of Zarzuela\",\"isPartOf\":{\"@id\":\"https:\/\/alfredogarcia.com\/english\/#website\"},\"datePublished\":\"2019-04-12T15:01:17+00:00\",\"dateModified\":\"2019-04-12T15:14:51+00:00\",\"author\":{\"@id\":\"https:\/\/alfredogarcia.com\/english\/#\/schema\/person\/f1c2e0d40fcd4deaa92f7585f4661c78\"},\"description\":\"The gala de zarzuela will close on April 18, 2019 in Zapop\u00e1n, Mexico, the I International Meeting of Zarzuela with the participation of Pl\u00e1cido Domingo.\",\"breadcrumb\":{\"@id\":\"https:\/\/alfredogarcia.com\/english\/blog\/alfredo-garcia-at-the-i-international-meeting-of-zarzuela\/#breadcrumb\"},\"inLanguage\":\"en-US\",\"potentialAction\":[{\"@type\":\"ReadAction\",\"target\":[\"https:\/\/alfredogarcia.com\/english\/blog\/alfredo-garcia-at-the-i-international-meeting-of-zarzuela\/\"]}]},{\"@type\":\"BreadcrumbList\",\"@id\":\"https:\/\/alfredogarcia.com\/english\/blog\/alfredo-garcia-at-the-i-international-meeting-of-zarzuela\/#breadcrumb\",\"itemListElement\":[{\"@type\":\"ListItem\",\"position\":1,\"name\":\"Portada\",\"item\":\"https:\/\/alfredogarcia.com\/english\/\"},{\"@type\":\"ListItem\",\"position\":2,\"name\":\"Alfredo Garc\u00eda at the I International Meeting of Zarzuela\"}]},{\"@type\":\"WebSite\",\"@id\":\"https:\/\/alfredogarcia.com\/english\/#website\",\"url\":\"https:\/\/alfredogarcia.com\/english\/\",\"name\":\"Alfredo Garc\u00eda\",\"description\":\"Bar\u00edtone\",\"potentialAction\":[{\"@type\":\"SearchAction\",\"target\":{\"@type\":\"EntryPoint\",\"urlTemplate\":\"https:\/\/alfredogarcia.com\/english\/?s={search_term_string}\"},\"query-input\":\"required name=search_term_string\"}],\"inLanguage\":\"en-US\"},{\"@type\":\"Person\",\"@id\":\"https:\/\/alfredogarcia.com\/english\/#\/schema\/person\/f1c2e0d40fcd4deaa92f7585f4661c78\",\"name\":\"Alfredo Garc\u00eda\",\"image\":{\"@type\":\"ImageObject\",\"inLanguage\":\"en-US\",\"@id\":\"https:\/\/alfredogarcia.com\/english\/#\/schema\/person\/image\/\",\"url\":\"https:\/\/secure.gravatar.com\/avatar\/3bab137e283fa6ad0711e570e917daed?s=96&d=mm&r=g\",\"contentUrl\":\"https:\/\/secure.gravatar.com\/avatar\/3bab137e283fa6ad0711e570e917daed?s=96&d=mm&r=g\",\"caption\":\"Alfredo Garc\u00eda\"},\"url\":\"https:\/\/alfredogarcia.com\/english\/blog\/author\/similaresoldofa\/\"}]}<\/script>\n<!-- \/ Yoast SEO plugin. -->","yoast_head_json":{"title":"Alfredo Garc\u00eda at the I International Meeting of Zarzuela","description":"The gala de zarzuela will close on April 18, 2019 in Zapop\u00e1n, Mexico, the I International Meeting of Zarzuela with the participation of Pl\u00e1cido Domingo.","robots":{"index":"index","follow":"follow","max-snippet":"max-snippet:-1","max-image-preview":"max-image-preview:large","max-video-preview":"max-video-preview:-1"},"canonical":"https:\/\/alfredogarcia.com\/english\/blog\/alfredo-garcia-at-the-i-international-meeting-of-zarzuela\/","og_locale":"en_US","og_type":"article","og_title":"Alfredo Garc\u00eda at the I International Meeting of Zarzuela","og_description":"The gala de zarzuela will close on April 18, 2019 in Zapop\u00e1n, Mexico, the I International Meeting of Zarzuela with the participation of Pl\u00e1cido Domingo.","og_url":"https:\/\/alfredogarcia.com\/english\/blog\/alfredo-garcia-at-the-i-international-meeting-of-zarzuela\/","og_site_name":"Alfredo Garc\u00eda","article_published_time":"2019-04-12T15:01:17+00:00","article_modified_time":"2019-04-12T15:14:51+00:00","og_image":[{"width":1482,"height":1040,"url":"https:\/\/alfredogarcia.com\/english\/wp-content\/uploads\/sites\/5\/2019\/04\/0A51B1D6-0D1F-443B-94C6-0C337B256185.jpeg","type":"image\/jpeg"}],"author":"Alfredo Garc\u00eda","twitter_card":"summary_large_image","twitter_title":"El Retablo de Maese Pedro - Manuel de Falla","twitter_description":"Juanjo Mena, director. Alfredo Garc\u00eda, Don Quijote, Jos\u00e9 Manuel S\u00e1nchez, Maese Pedro, Elena de la Merced, Trujam\u00e1n. ORQUESTA NACIONAL DE ESPA\u00d1A. Auditorio Nacional de M\u00fasica de Madrid.","twitter_image":"http:\/\/alfredogarcia.com\/wp-content\/uploads\/2015\/11\/Prom-18-Juanjo-Mena-012.jpg","twitter_misc":{"Written by":"Alfredo Garc\u00eda","Est. reading time":"3 minutes"},"schema":{"@context":"https:\/\/schema.org","@graph":[{"@type":"WebPage","@id":"https:\/\/alfredogarcia.com\/english\/blog\/alfredo-garcia-at-the-i-international-meeting-of-zarzuela\/","url":"https:\/\/alfredogarcia.com\/english\/blog\/alfredo-garcia-at-the-i-international-meeting-of-zarzuela\/","name":"Alfredo Garc\u00eda at the I International Meeting of Zarzuela","isPartOf":{"@id":"https:\/\/alfredogarcia.com\/english\/#website"},"datePublished":"2019-04-12T15:01:17+00:00","dateModified":"2019-04-12T15:14:51+00:00","author":{"@id":"https:\/\/alfredogarcia.com\/english\/#\/schema\/person\/f1c2e0d40fcd4deaa92f7585f4661c78"},"description":"The gala de zarzuela will close on April 18, 2019 in Zapop\u00e1n, Mexico, the I International Meeting of Zarzuela with the participation of Pl\u00e1cido Domingo.","breadcrumb":{"@id":"https:\/\/alfredogarcia.com\/english\/blog\/alfredo-garcia-at-the-i-international-meeting-of-zarzuela\/#breadcrumb"},"inLanguage":"en-US","potentialAction":[{"@type":"ReadAction","target":["https:\/\/alfredogarcia.com\/english\/blog\/alfredo-garcia-at-the-i-international-meeting-of-zarzuela\/"]}]},{"@type":"BreadcrumbList","@id":"https:\/\/alfredogarcia.com\/english\/blog\/alfredo-garcia-at-the-i-international-meeting-of-zarzuela\/#breadcrumb","itemListElement":[{"@type":"ListItem","position":1,"name":"Portada","item":"https:\/\/alfredogarcia.com\/english\/"},{"@type":"ListItem","position":2,"name":"Alfredo Garc\u00eda at the I International Meeting of Zarzuela"}]},{"@type":"WebSite","@id":"https:\/\/alfredogarcia.com\/english\/#website","url":"https:\/\/alfredogarcia.com\/english\/","name":"Alfredo Garc\u00eda","description":"Bar\u00edtone","potentialAction":[{"@type":"SearchAction","target":{"@type":"EntryPoint","urlTemplate":"https:\/\/alfredogarcia.com\/english\/?s={search_term_string}"},"query-input":"required name=search_term_string"}],"inLanguage":"en-US"},{"@type":"Person","@id":"https:\/\/alfredogarcia.com\/english\/#\/schema\/person\/f1c2e0d40fcd4deaa92f7585f4661c78","name":"Alfredo Garc\u00eda","image":{"@type":"ImageObject","inLanguage":"en-US","@id":"https:\/\/alfredogarcia.com\/english\/#\/schema\/person\/image\/","url":"https:\/\/secure.gravatar.com\/avatar\/3bab137e283fa6ad0711e570e917daed?s=96&d=mm&r=g","contentUrl":"https:\/\/secure.gravatar.com\/avatar\/3bab137e283fa6ad0711e570e917daed?s=96&d=mm&r=g","caption":"Alfredo Garc\u00eda"},"url":"https:\/\/alfredogarcia.com\/english\/blog\/author\/similaresoldofa\/"}]}},"_links":{"self":[{"href":"https:\/\/alfredogarcia.com\/english\/wp-json\/wp\/v2\/posts\/209856"}],"collection":[{"href":"https:\/\/alfredogarcia.com\/english\/wp-json\/wp\/v2\/posts"}],"about":[{"href":"https:\/\/alfredogarcia.com\/english\/wp-json\/wp\/v2\/types\/post"}],"author":[{"embeddable":true,"href":"https:\/\/alfredogarcia.com\/english\/wp-json\/wp\/v2\/users\/1"}],"replies":[{"embeddable":true,"href":"https:\/\/alfredogarcia.com\/english\/wp-json\/wp\/v2\/comments?post=209856"}],"version-history":[{"count":2,"href":"https:\/\/alfredogarcia.com\/english\/wp-json\/wp\/v2\/posts\/209856\/revisions"}],"predecessor-version":[{"id":209861,"href":"https:\/\/alfredogarcia.com\/english\/wp-json\/wp\/v2\/posts\/209856\/revisions\/209861"}],"wp:featuredmedia":[{"embeddable":true,"href":"https:\/\/alfredogarcia.com\/english\/wp-json\/wp\/v2\/media\/209857"}],"wp:attachment":[{"href":"https:\/\/alfredogarcia.com\/english\/wp-json\/wp\/v2\/media?parent=209856"}],"wp:term":[{"taxonomy":"category","embeddable":true,"href":"https:\/\/alfredogarcia.com\/english\/wp-json\/wp\/v2\/categories?post=209856"},{"taxonomy":"post_tag","embeddable":true,"href":"https:\/\/alfredogarcia.com\/english\/wp-json\/wp\/v2\/tags?post=209856"}],"curies":[{"name":"wp","href":"https:\/\/api.w.org\/{rel}","templated":true}]}}