{"id":209850,"date":"2019-04-18T13:55:56","date_gmt":"2019-04-18T13:55:56","guid":{"rendered":"http:\/\/alfredogarcia.com\/english\/?p=209850"},"modified":"2019-08-09T14:21:11","modified_gmt":"2019-08-09T14:21:11","slug":"i-encuentro-internacional-de-zarzuela-15-al-18-de-abril-2019-tequila-jalisco-mexico","status":"publish","type":"post","link":"https:\/\/alfredogarcia.com\/english\/blog\/i-encuentro-internacional-de-zarzuela-15-al-18-de-abril-2019-tequila-jalisco-mexico\/","title":{"rendered":"First International Meeting of Zarzuela. From April 15 to 18, 2019. Tequila, Jalisco (Mexico)"},"content":{"rendered":"[et_pb_section fb_built=&#8221;1&#8243; fullwidth=&#8221;on&#8221; custom_padding_last_edited=&#8221;on|phone&#8221; disabled_on=&#8221;on|off|off&#8221; admin_label=&#8221;section&#8221; _builder_version=&#8221;3.22.3&#8243; custom_padding_tablet=&#8221;50px|0|50px|0&#8243; custom_padding_phone=&#8221;||0px&#8221; transparent_background=&#8221;off&#8221;][et_pb_fullwidth_header title=&#8221;<\/p>\n<p\/>\n<p\/>FIRST INTERNATIONAL MEETING<BR> OF ZARZUELA. <BR>SPONSORED BY PL\u00c1CIDO DOMINGO&#8221; subhead=&#8221;Tequila (Jalisco, M\u00e9xico) From April 15 to 18, 2019&#8243; text_orientation=&#8221;center&#8221; header_fullscreen=&#8221;on&#8221; header_scroll_down=&#8221;on&#8221; scroll_down_icon=&#8221;%%1%%&#8221; button_one_text=&#8221;By Zarzuela por el Mundo&#8221; button_one_url=&#8221;https:\/\/zarzuelaporelmundo.org\/&#8221; button_two_text=&#8221;See program&#8221; button_two_url=&#8221;https:\/\/zarzuelaporelmundo.org\/wp-content\/uploads\/2019\/04\/programa1.pdf&#8221; background_overlay_color=&#8221;rgba(0,0,0,0.2)&#8221; _builder_version=&#8221;3.26.6&#8243; title_font=&#8221;|||on|||||&#8221; title_text_align=&#8221;center&#8221; title_font_size=&#8221;33&#8243; content_font_size=&#8221;17px&#8221; subhead_font=&#8221;Old Standard TT|on|||&#8221; subhead_font_size=&#8221;20px&#8221; background_color=&#8221;rgba(255,255,255,0)&#8221; background_image=&#8221;http:\/\/alfredogarcia.com\/english\/wp-content\/uploads\/sites\/5\/2019\/08\/D4jmEc0WAAIFd1A.jpg_large.jpg&#8221; parallax=&#8221;on&#8221; max_width_tablet=&#8221;50px&#8221; custom_margin=&#8221;||0px&#8221; custom_padding=&#8221;||35px&#8221; z_index_tablet=&#8221;500&#8243; title_font_size_phone=&#8221;22px&#8221; title_font_size_last_edited=&#8221;on|phone&#8221; button_one_text_size__hover_enabled=&#8221;off&#8221; button_two_text_size__hover_enabled=&#8221;off&#8221; button_one_text_color__hover_enabled=&#8221;off&#8221; button_two_text_color__hover_enabled=&#8221;off&#8221; button_one_border_width__hover_enabled=&#8221;off&#8221; button_two_border_width__hover_enabled=&#8221;off&#8221; button_one_border_color__hover_enabled=&#8221;off&#8221; button_two_border_color__hover_enabled=&#8221;off&#8221; button_one_border_radius__hover_enabled=&#8221;off&#8221; button_two_border_radius__hover_enabled=&#8221;off&#8221; button_one_letter_spacing__hover_enabled=&#8221;off&#8221; button_two_letter_spacing__hover_enabled=&#8221;off&#8221; button_one_bg_color__hover_enabled=&#8221;off&#8221; button_two_bg_color__hover_enabled=&#8221;off&#8221;]\n<p>&nbsp;<\/p>\n<p>&nbsp;<\/p>\n<p>&nbsp;<\/p>\n<p><strong>Ainhoa Arteta <\/strong>Soprano<br \/> <strong>Laura Sheerin <\/strong>Soprano<br \/> <strong>Ver\u00f3nica Villarroel <\/strong>Soprano<br \/> <strong>Nancy Fabiola Herrera<\/strong> Mezzo-soprano<br \/> <strong>Amelia Font<\/strong> Mezzo-soprano<br \/> <strong>Benito Rodr\u00edguez<\/strong> Tenor<br \/> <strong>Ver\u00f3nica Villarroel<\/strong> Soprano<br \/> <strong>Alfredo Garc\u00eda<\/strong> Baritone<br \/> <strong>Juan Carlos HerediaBaritone<\/strong><\/p>\n<p>&nbsp;<\/p>\n<p>Orquesta Sonf\u00f3nica de Zapoan<br \/> Coro de la Fundaci\u00f3n Beckmann<br \/> Allen Vladimir G\u00f3mez conductor<br \/> P\u00e1cido Domingo conductor<\/p>\n<p>&nbsp;<\/p>\n<h6 style=\"text-align: left;\">Presentations, master classes with an international panel of professionals,<br \/> tables of artistic information, projections, concerts and shows.<\/h6>\n[\/et_pb_fullwidth_header][\/et_pb_section][et_pb_section fb_built=&#8221;1&#8243; fullwidth=&#8221;on&#8221; custom_padding_last_edited=&#8221;on|desktop&#8221; disabled_on=&#8221;off|on|on&#8221; admin_label=&#8221;section&#8221; _builder_version=&#8221;3.22.3&#8243; custom_padding_tablet=&#8221;50px|0|50px|0&#8243; custom_padding_phone=&#8221;0px||0px&#8221; transparent_background=&#8221;off&#8221;][et_pb_fullwidth_header title=&#8221;I ENCUENTRO INTERNACIONAL<br \/> DE ZARZUELA. <br \/>Apadrinado por Pl\u00e1cido domingo&#8221; subhead=&#8221;Tequila (Jalisco, M\u00e9xico) 15 al 18 de abril 2019.&#8221; header_fullscreen=&#8221;on&#8221; header_scroll_down=&#8221;on&#8221; scroll_down_icon=&#8221;%%1%%&#8221; button_one_text=&#8221;Zarzuela por el Mundo&#8221; button_one_url=&#8221;https:\/\/zarzuelaporelmundo.org\/&#8221; button_two_text=&#8221;Ver programa&#8221; button_two_url=&#8221;https:\/\/zarzuelaporelmundo.org\/wp-content\/uploads\/2019\/04\/programa1.pdf&#8221; background_overlay_color=&#8221;rgba(0,0,0,0.53)&#8221; _builder_version=&#8221;3.26.6&#8243; title_font=&#8221;|||on|||||&#8221; title_font_size=&#8221;33&#8243; content_font=&#8221;||||||||&#8221; content_font_size=&#8221;17px&#8221; subhead_font=&#8221;Old Standard TT|on|||&#8221; subhead_font_size=&#8221;20px&#8221; background_color=&#8221;rgba(255,255,255,0)&#8221; background_image=&#8221;http:\/\/alfredogarcia.com\/english\/wp-content\/uploads\/sites\/5\/2019\/08\/Pl\u00e1cido-Domingo-Alfredo-Garc\u00eda.jpg&#8221; background_blend=&#8221;overlay&#8221; custom_button_one=&#8221;on&#8221; button_one_text_size=&#8221;16px&#8221; button_one_font=&#8221;||||||||&#8221; max_width_tablet=&#8221;50px&#8221; custom_margin=&#8221;||&#8221; custom_padding=&#8221;||64px&#8221; title_font_size_phone=&#8221;22px&#8221; title_font_size_last_edited=&#8221;on|phone&#8221; button_one_text_size__hover_enabled=&#8221;off&#8221; button_two_text_size__hover_enabled=&#8221;off&#8221; button_one_text_color__hover_enabled=&#8221;off&#8221; button_two_text_color__hover_enabled=&#8221;off&#8221; button_one_border_width__hover_enabled=&#8221;off&#8221; button_two_border_width__hover_enabled=&#8221;off&#8221; button_one_border_color__hover_enabled=&#8221;off&#8221; button_two_border_color__hover_enabled=&#8221;off&#8221; button_one_border_radius__hover_enabled=&#8221;off&#8221; button_two_border_radius__hover_enabled=&#8221;off&#8221; button_one_letter_spacing__hover_enabled=&#8221;off&#8221; button_two_letter_spacing__hover_enabled=&#8221;off&#8221; button_one_bg_color__hover_enabled=&#8221;off&#8221; button_two_bg_color__hover_enabled=&#8221;off&#8221;]\n<p>&nbsp;<\/p>\n<p><strong>Ainhoa Arteta <\/strong>soprano<br \/> <strong>Laura Sheerin <\/strong>soprano<br \/> <strong>Ver\u00f3nica Villarroel <\/strong>soprano<br \/> <strong>Nancy Fabiola Herrera<\/strong> mezzosoprano<br \/> <strong>Amelia Font<\/strong> mezosoprano<br \/> <strong>Benito Rodr\u00edguez<\/strong> tenor<br \/> <strong>Ver\u00f3nica Villarroel<\/strong> soprano<br \/> <strong>Alfredo Garc\u00eda<\/strong> bar\u00edtono<br \/> <strong>Juan Carlos Heredia<\/strong> bar\u00edtono<\/p>\n<p>&nbsp;<\/p>\n<p>Orquesta Sonf\u00f3nica de Zapoan<br \/> Coro de la Fundaci\u00f3n Beckmann<br \/> Allen Vladimir G\u00f3mez director<br \/> P\u00e1cido Domingo director invitado<\/p>\n<p>&nbsp;<\/p>\n<h6 style=\"text-align: left;\">Ponencias, clases magistrales con un panel internacional de profesionales,mesas de informaci\u00f3n art\u00edstica, proyecciones, conciertos y espect\u00e1culos.<\/h6>\n[\/et_pb_fullwidth_header][\/et_pb_section][et_pb_section fb_built=&#8221;1&#8243; disabled_on=&#8221;off|off|off&#8221; _builder_version=&#8221;3.22.3&#8243;][et_pb_row use_custom_gutter=&#8221;on&#8221; gutter_width=&#8221;1&#8243; disabled_on=&#8221;on|off|off&#8221; module_class=&#8221; et_pb_row_fullwidth&#8221; _builder_version=&#8221;3.25&#8243; width=&#8221;100%&#8221; width_tablet=&#8221;100%&#8221; width_last_edited=&#8221;on|desktop&#8221; max_width=&#8221;100%&#8221; max_width_tablet=&#8221;100%&#8221; max_width_last_edited=&#8221;on|desktop&#8221; module_alignment=&#8221;center&#8221; make_fullwidth=&#8221;on&#8221;][et_pb_column type=&#8221;4_4&#8243; _builder_version=&#8221;3.25&#8243; custom_padding=&#8221;|||&#8221; custom_padding__hover=&#8221;|||&#8221;][et_pb_image src=&#8221;http:\/\/alfredogarcia.com\/wp-content\/uploads\/2019\/04\/0A51B1D6-0D1F-443B-94C6-0C337B256185.jpg&#8221; align_tablet=&#8221;center&#8221; align_last_edited=&#8221;on|desktop&#8221; _builder_version=&#8221;3.23&#8243;]\n[\/et_pb_image][\/et_pb_column][\/et_pb_row][et_pb_row use_custom_gutter=&#8221;on&#8221; gutter_width=&#8221;1&#8243; disabled_on=&#8221;off|on|on&#8221; module_class=&#8221; et_pb_row_fullwidth&#8221; _builder_version=&#8221;3.25&#8243; width=&#8221;100%&#8221; width_tablet=&#8221;100%&#8221; width_last_edited=&#8221;on|desktop&#8221; max_width=&#8221;100%&#8221; max_width_tablet=&#8221;100%&#8221; max_width_last_edited=&#8221;on|desktop&#8221; module_alignment=&#8221;center&#8221; custom_margin=&#8221;-56px||&#8221; make_fullwidth=&#8221;on&#8221;][et_pb_column type=&#8221;4_4&#8243; _builder_version=&#8221;3.25&#8243; custom_padding=&#8221;|||&#8221; custom_padding__hover=&#8221;|||&#8221;][et_pb_image src=&#8221;http:\/\/alfredogarcia.com\/wp-content\/uploads\/2019\/04\/0A51B1D6-0D1F-443B-94C6-0C337B256185.jpeg&#8221; align_tablet=&#8221;center&#8221; align_last_edited=&#8221;on|desktop&#8221; _builder_version=&#8221;3.23&#8243; border_radii=&#8221;on|3px|3px|3px|3px&#8221; border_width_all=&#8221;1px&#8221; border_color_all=&#8221;#c1c1c1&#8243;]\n[\/et_pb_image][\/et_pb_column][\/et_pb_row][et_pb_row use_custom_gutter=&#8221;on&#8221; gutter_width=&#8221;1&#8243; disabled_on=&#8221;off|on|on&#8221; module_class=&#8221; et_pb_row_fullwidth&#8221; _builder_version=&#8221;3.25&#8243; width=&#8221;100%&#8221; width_tablet=&#8221;100%&#8221; width_last_edited=&#8221;on|desktop&#8221; max_width=&#8221;100%&#8221; max_width_tablet=&#8221;100%&#8221; max_width_last_edited=&#8221;on|desktop&#8221; module_alignment=&#8221;center&#8221; custom_margin=&#8221;-30px||&#8221; make_fullwidth=&#8221;on&#8221;][et_pb_column type=&#8221;4_4&#8243; _builder_version=&#8221;3.25&#8243; custom_padding=&#8221;|||&#8221; custom_padding__hover=&#8221;|||&#8221;][et_pb_image src=&#8221;http:\/\/alfredogarcia.com\/wp-content\/uploads\/2019\/04\/IMG_6874bb.jpg&#8221; align_tablet=&#8221;center&#8221; align_last_edited=&#8221;on|desktop&#8221; _builder_version=&#8221;3.23&#8243; border_radii=&#8221;on|3px|3px|3px|3px&#8221; border_width_all=&#8221;1px&#8221; border_color_all=&#8221;#c1c1c1&#8243;]\n[\/et_pb_image][\/et_pb_column][\/et_pb_row][\/et_pb_section]\n","protected":false},"excerpt":{"rendered":"<p>Sponsored by Pl\u00e1cido Domingo<\/p>\n<p>Ainhoa Arteta Soprano<br \/>\nLaura Sheerin Soprano<br \/>\nVer\u00f3nica Villarroel Soprano<br \/>\nNancy Fabiola Herrera Mezzo-soprano<br \/>\nAmelia Font Mezzo-soprano<br \/>\nBenito Rodr\u00edguez Tenor<br \/>\nAlfredo Garc\u00eda Baritone<br \/>\nJuan Carlos Heredia Baritone<\/p>\n","protected":false},"author":1,"featured_media":209970,"comment_status":"open","ping_status":"open","sticky":false,"template":"","format":"standard","meta":{"_et_pb_use_builder":"on","_et_pb_old_content":"","_et_gb_content_width":"","_mi_skip_tracking":false,"_links_to":"","_links_to_target":""},"categories":[14],"tags":[],"yoast_head":"<!-- This site is optimized with the Yoast SEO plugin v20.3 - https:\/\/yoast.com\/wordpress\/plugins\/seo\/ -->\n<title>First International Meeting of Zarzuela. April 15 to 18, 2019. M\u00e9xico<\/title>\n<meta name=\"description\" content=\"Presentations, master classes with an international panel of professionals,tables of artistic information, projections, concerts and shows.\" \/>\n<meta name=\"robots\" content=\"index, follow, max-snippet:-1, max-image-preview:large, max-video-preview:-1\" \/>\n<link rel=\"canonical\" href=\"https:\/\/alfredogarcia.com\/english\/blog\/i-encuentro-internacional-de-zarzuela-15-al-18-de-abril-2019-tequila-jalisco-mexico\/\" \/>\n<meta property=\"og:locale\" content=\"en_US\" \/>\n<meta property=\"og:type\" content=\"article\" \/>\n<meta property=\"og:title\" content=\"First International Meeting of Zarzuela. April 15 to 18, 2019. M\u00e9xico\" \/>\n<meta property=\"og:description\" content=\"Presentations, master classes with an international panel of professionals,tables of artistic information, projections, concerts and shows.\" \/>\n<meta property=\"og:url\" content=\"https:\/\/alfredogarcia.com\/english\/blog\/i-encuentro-internacional-de-zarzuela-15-al-18-de-abril-2019-tequila-jalisco-mexico\/\" \/>\n<meta property=\"og:site_name\" content=\"Alfredo Garc\u00eda\" \/>\n<meta property=\"article:published_time\" content=\"2019-04-18T13:55:56+00:00\" \/>\n<meta property=\"article:modified_time\" content=\"2019-08-09T14:21:11+00:00\" \/>\n<meta property=\"og:image\" content=\"https:\/\/alfredogarcia.com\/english\/wp-content\/uploads\/sites\/5\/2019\/04\/Pl\u00e1cido-Domingo-Alfredo-Garc\u00eda-1.jpg\" \/>\n\t<meta property=\"og:image:width\" content=\"367\" \/>\n\t<meta property=\"og:image:height\" content=\"306\" \/>\n\t<meta property=\"og:image:type\" content=\"image\/jpeg\" \/>\n<meta name=\"author\" content=\"Alfredo Garc\u00eda\" \/>\n<meta name=\"twitter:card\" content=\"summary_large_image\" \/>\n<meta name=\"twitter:title\" content=\"El Retablo de Maese Pedro - Manuel de Falla\" \/>\n<meta name=\"twitter:description\" content=\"Juanjo Mena, director. Alfredo Garc\u00eda, Don Quijote, Jos\u00e9 Manuel S\u00e1nchez, Maese Pedro, Elena de la Merced, Trujam\u00e1n. ORQUESTA NACIONAL DE ESPA\u00d1A. Auditorio Nacional de M\u00fasica de Madrid.\" \/>\n<meta name=\"twitter:image\" content=\"http:\/\/alfredogarcia.com\/wp-content\/uploads\/2015\/11\/Prom-18-Juanjo-Mena-012.jpg\" \/>\n<meta name=\"twitter:label1\" content=\"Written by\" \/>\n\t<meta name=\"twitter:data1\" content=\"Alfredo Garc\u00eda\" \/>\n\t<meta name=\"twitter:label2\" content=\"Est. reading time\" \/>\n\t<meta name=\"twitter:data2\" content=\"5 minutes\" \/>\n<script type=\"application\/ld+json\" class=\"yoast-schema-graph\">{\"@context\":\"https:\/\/schema.org\",\"@graph\":[{\"@type\":\"WebPage\",\"@id\":\"https:\/\/alfredogarcia.com\/english\/blog\/i-encuentro-internacional-de-zarzuela-15-al-18-de-abril-2019-tequila-jalisco-mexico\/\",\"url\":\"https:\/\/alfredogarcia.com\/english\/blog\/i-encuentro-internacional-de-zarzuela-15-al-18-de-abril-2019-tequila-jalisco-mexico\/\",\"name\":\"First International Meeting of Zarzuela. April 15 to 18, 2019. M\u00e9xico\",\"isPartOf\":{\"@id\":\"https:\/\/alfredogarcia.com\/english\/#website\"},\"datePublished\":\"2019-04-18T13:55:56+00:00\",\"dateModified\":\"2019-08-09T14:21:11+00:00\",\"author\":{\"@id\":\"https:\/\/alfredogarcia.com\/english\/#\/schema\/person\/f1c2e0d40fcd4deaa92f7585f4661c78\"},\"description\":\"Presentations, master classes with an international panel of professionals,tables of artistic information, projections, concerts and shows.\",\"breadcrumb\":{\"@id\":\"https:\/\/alfredogarcia.com\/english\/blog\/i-encuentro-internacional-de-zarzuela-15-al-18-de-abril-2019-tequila-jalisco-mexico\/#breadcrumb\"},\"inLanguage\":\"en-US\",\"potentialAction\":[{\"@type\":\"ReadAction\",\"target\":[\"https:\/\/alfredogarcia.com\/english\/blog\/i-encuentro-internacional-de-zarzuela-15-al-18-de-abril-2019-tequila-jalisco-mexico\/\"]}]},{\"@type\":\"BreadcrumbList\",\"@id\":\"https:\/\/alfredogarcia.com\/english\/blog\/i-encuentro-internacional-de-zarzuela-15-al-18-de-abril-2019-tequila-jalisco-mexico\/#breadcrumb\",\"itemListElement\":[{\"@type\":\"ListItem\",\"position\":1,\"name\":\"Portada\",\"item\":\"https:\/\/alfredogarcia.com\/english\/\"},{\"@type\":\"ListItem\",\"position\":2,\"name\":\"First International Meeting of Zarzuela. From April 15 to 18, 2019. Tequila, Jalisco (Mexico)\"}]},{\"@type\":\"WebSite\",\"@id\":\"https:\/\/alfredogarcia.com\/english\/#website\",\"url\":\"https:\/\/alfredogarcia.com\/english\/\",\"name\":\"Alfredo Garc\u00eda\",\"description\":\"Bar\u00edtone\",\"potentialAction\":[{\"@type\":\"SearchAction\",\"target\":{\"@type\":\"EntryPoint\",\"urlTemplate\":\"https:\/\/alfredogarcia.com\/english\/?s={search_term_string}\"},\"query-input\":\"required name=search_term_string\"}],\"inLanguage\":\"en-US\"},{\"@type\":\"Person\",\"@id\":\"https:\/\/alfredogarcia.com\/english\/#\/schema\/person\/f1c2e0d40fcd4deaa92f7585f4661c78\",\"name\":\"Alfredo Garc\u00eda\",\"image\":{\"@type\":\"ImageObject\",\"inLanguage\":\"en-US\",\"@id\":\"https:\/\/alfredogarcia.com\/english\/#\/schema\/person\/image\/\",\"url\":\"https:\/\/secure.gravatar.com\/avatar\/3bab137e283fa6ad0711e570e917daed?s=96&d=mm&r=g\",\"contentUrl\":\"https:\/\/secure.gravatar.com\/avatar\/3bab137e283fa6ad0711e570e917daed?s=96&d=mm&r=g\",\"caption\":\"Alfredo Garc\u00eda\"},\"url\":\"https:\/\/alfredogarcia.com\/english\/blog\/author\/similaresoldofa\/\"}]}<\/script>\n<!-- \/ Yoast SEO plugin. -->","yoast_head_json":{"title":"First International Meeting of Zarzuela. April 15 to 18, 2019. M\u00e9xico","description":"Presentations, master classes with an international panel of professionals,tables of artistic information, projections, concerts and shows.","robots":{"index":"index","follow":"follow","max-snippet":"max-snippet:-1","max-image-preview":"max-image-preview:large","max-video-preview":"max-video-preview:-1"},"canonical":"https:\/\/alfredogarcia.com\/english\/blog\/i-encuentro-internacional-de-zarzuela-15-al-18-de-abril-2019-tequila-jalisco-mexico\/","og_locale":"en_US","og_type":"article","og_title":"First International Meeting of Zarzuela. April 15 to 18, 2019. M\u00e9xico","og_description":"Presentations, master classes with an international panel of professionals,tables of artistic information, projections, concerts and shows.","og_url":"https:\/\/alfredogarcia.com\/english\/blog\/i-encuentro-internacional-de-zarzuela-15-al-18-de-abril-2019-tequila-jalisco-mexico\/","og_site_name":"Alfredo Garc\u00eda","article_published_time":"2019-04-18T13:55:56+00:00","article_modified_time":"2019-08-09T14:21:11+00:00","og_image":[{"width":367,"height":306,"url":"https:\/\/alfredogarcia.com\/english\/wp-content\/uploads\/sites\/5\/2019\/04\/Pl\u00e1cido-Domingo-Alfredo-Garc\u00eda-1.jpg","type":"image\/jpeg"}],"author":"Alfredo Garc\u00eda","twitter_card":"summary_large_image","twitter_title":"El Retablo de Maese Pedro - Manuel de Falla","twitter_description":"Juanjo Mena, director. Alfredo Garc\u00eda, Don Quijote, Jos\u00e9 Manuel S\u00e1nchez, Maese Pedro, Elena de la Merced, Trujam\u00e1n. ORQUESTA NACIONAL DE ESPA\u00d1A. Auditorio Nacional de M\u00fasica de Madrid.","twitter_image":"http:\/\/alfredogarcia.com\/wp-content\/uploads\/2015\/11\/Prom-18-Juanjo-Mena-012.jpg","twitter_misc":{"Written by":"Alfredo Garc\u00eda","Est. reading time":"5 minutes"},"schema":{"@context":"https:\/\/schema.org","@graph":[{"@type":"WebPage","@id":"https:\/\/alfredogarcia.com\/english\/blog\/i-encuentro-internacional-de-zarzuela-15-al-18-de-abril-2019-tequila-jalisco-mexico\/","url":"https:\/\/alfredogarcia.com\/english\/blog\/i-encuentro-internacional-de-zarzuela-15-al-18-de-abril-2019-tequila-jalisco-mexico\/","name":"First International Meeting of Zarzuela. April 15 to 18, 2019. M\u00e9xico","isPartOf":{"@id":"https:\/\/alfredogarcia.com\/english\/#website"},"datePublished":"2019-04-18T13:55:56+00:00","dateModified":"2019-08-09T14:21:11+00:00","author":{"@id":"https:\/\/alfredogarcia.com\/english\/#\/schema\/person\/f1c2e0d40fcd4deaa92f7585f4661c78"},"description":"Presentations, master classes with an international panel of professionals,tables of artistic information, projections, concerts and shows.","breadcrumb":{"@id":"https:\/\/alfredogarcia.com\/english\/blog\/i-encuentro-internacional-de-zarzuela-15-al-18-de-abril-2019-tequila-jalisco-mexico\/#breadcrumb"},"inLanguage":"en-US","potentialAction":[{"@type":"ReadAction","target":["https:\/\/alfredogarcia.com\/english\/blog\/i-encuentro-internacional-de-zarzuela-15-al-18-de-abril-2019-tequila-jalisco-mexico\/"]}]},{"@type":"BreadcrumbList","@id":"https:\/\/alfredogarcia.com\/english\/blog\/i-encuentro-internacional-de-zarzuela-15-al-18-de-abril-2019-tequila-jalisco-mexico\/#breadcrumb","itemListElement":[{"@type":"ListItem","position":1,"name":"Portada","item":"https:\/\/alfredogarcia.com\/english\/"},{"@type":"ListItem","position":2,"name":"First International Meeting of Zarzuela. From April 15 to 18, 2019. Tequila, Jalisco (Mexico)"}]},{"@type":"WebSite","@id":"https:\/\/alfredogarcia.com\/english\/#website","url":"https:\/\/alfredogarcia.com\/english\/","name":"Alfredo Garc\u00eda","description":"Bar\u00edtone","potentialAction":[{"@type":"SearchAction","target":{"@type":"EntryPoint","urlTemplate":"https:\/\/alfredogarcia.com\/english\/?s={search_term_string}"},"query-input":"required name=search_term_string"}],"inLanguage":"en-US"},{"@type":"Person","@id":"https:\/\/alfredogarcia.com\/english\/#\/schema\/person\/f1c2e0d40fcd4deaa92f7585f4661c78","name":"Alfredo Garc\u00eda","image":{"@type":"ImageObject","inLanguage":"en-US","@id":"https:\/\/alfredogarcia.com\/english\/#\/schema\/person\/image\/","url":"https:\/\/secure.gravatar.com\/avatar\/3bab137e283fa6ad0711e570e917daed?s=96&d=mm&r=g","contentUrl":"https:\/\/secure.gravatar.com\/avatar\/3bab137e283fa6ad0711e570e917daed?s=96&d=mm&r=g","caption":"Alfredo Garc\u00eda"},"url":"https:\/\/alfredogarcia.com\/english\/blog\/author\/similaresoldofa\/"}]}},"_links":{"self":[{"href":"https:\/\/alfredogarcia.com\/english\/wp-json\/wp\/v2\/posts\/209850"}],"collection":[{"href":"https:\/\/alfredogarcia.com\/english\/wp-json\/wp\/v2\/posts"}],"about":[{"href":"https:\/\/alfredogarcia.com\/english\/wp-json\/wp\/v2\/types\/post"}],"author":[{"embeddable":true,"href":"https:\/\/alfredogarcia.com\/english\/wp-json\/wp\/v2\/users\/1"}],"replies":[{"embeddable":true,"href":"https:\/\/alfredogarcia.com\/english\/wp-json\/wp\/v2\/comments?post=209850"}],"version-history":[{"count":14,"href":"https:\/\/alfredogarcia.com\/english\/wp-json\/wp\/v2\/posts\/209850\/revisions"}],"predecessor-version":[{"id":209986,"href":"https:\/\/alfredogarcia.com\/english\/wp-json\/wp\/v2\/posts\/209850\/revisions\/209986"}],"wp:featuredmedia":[{"embeddable":true,"href":"https:\/\/alfredogarcia.com\/english\/wp-json\/wp\/v2\/media\/209970"}],"wp:attachment":[{"href":"https:\/\/alfredogarcia.com\/english\/wp-json\/wp\/v2\/media?parent=209850"}],"wp:term":[{"taxonomy":"category","embeddable":true,"href":"https:\/\/alfredogarcia.com\/english\/wp-json\/wp\/v2\/categories?post=209850"},{"taxonomy":"post_tag","embeddable":true,"href":"https:\/\/alfredogarcia.com\/english\/wp-json\/wp\/v2\/tags?post=209850"}],"curies":[{"name":"wp","href":"https:\/\/api.w.org\/{rel}","templated":true}]}}