{"id":209791,"date":"2019-01-27T19:14:24","date_gmt":"2019-01-27T19:14:24","guid":{"rendered":"http:\/\/alfredogarcia.com\/english\/?p=209791"},"modified":"2019-01-27T19:30:40","modified_gmt":"2019-01-27T19:30:40","slug":"alfredo-garcia-one-of-the-best-singers","status":"publish","type":"post","link":"https:\/\/alfredogarcia.com\/english\/blog\/alfredo-garcia-one-of-the-best-singers\/","title":{"rendered":"Alfredo Garc\u00eda one of the best singers"},"content":{"rendered":"[et_pb_section fb_built=&#8221;1&#8243; fullwidth=&#8221;on&#8221; custom_padding_last_edited=&#8221;on|desktop&#8221; disabled_on=&#8221;on|off|off&#8221; admin_label=&#8221;section&#8221; _builder_version=&#8221;3.19.9&#8243; custom_padding_tablet=&#8221;50px|0|50px|0&#8243; transparent_background=&#8221;off&#8221; padding_mobile=&#8221;off&#8221;][et_pb_fullwidth_header title=&#8221;Alfredo Garc\u00eda selected<br \/> ONE OF THE BEST SIGERS<br \/>&#8221; header_fullscreen=&#8221;on&#8221; header_scroll_down=&#8221;on&#8221; scroll_down_icon=&#8221;%%1%%&#8221; button_one_url=&#8221;https:\/\/app.arts-people.com\/index.php?performance=360324&#8243; background_overlay_color=&#8221;rgba(0,0,0,0.2)&#8221; logo_image_url=&#8221;http:\/\/alfredogarcia.com\/wp-content\/uploads\/2019\/01\/opera_actual-1-2.jpg&#8221; content_orientation=&#8221;bottom&#8221; _builder_version=&#8221;3.19.9&#8243; title_font=&#8221;|||on|&#8221; title_font_size=&#8221;33&#8243; content_font_size=&#8221;16&#8243; subhead_font=&#8221;Old Standard TT|on|||&#8221; subhead_font_size=&#8221;20px&#8221; background_color=&#8221;rgba(255,255,255,0)&#8221; background_image=&#8221;http:\/\/alfredogarcia.com\/wp-content\/uploads\/2019\/01\/Alfredo_G_18_0075B.jpg&#8221; parallax=&#8221;on&#8221; max_width_tablet=&#8221;50px&#8221; button_one_text_size__hover_enabled=&#8221;off&#8221; button_two_text_size__hover_enabled=&#8221;off&#8221; button_one_text_color__hover_enabled=&#8221;off&#8221; button_two_text_color__hover_enabled=&#8221;off&#8221; button_one_border_width__hover_enabled=&#8221;off&#8221; button_two_border_width__hover_enabled=&#8221;off&#8221; button_one_border_color__hover_enabled=&#8221;off&#8221; button_two_border_color__hover_enabled=&#8221;off&#8221; button_one_border_radius__hover_enabled=&#8221;off&#8221; button_two_border_radius__hover_enabled=&#8221;off&#8221; button_one_letter_spacing__hover_enabled=&#8221;off&#8221; button_two_letter_spacing__hover_enabled=&#8221;off&#8221; button_one_bg_color__hover_enabled=&#8221;off&#8221; button_two_bg_color__hover_enabled=&#8221;off&#8221;][\/et_pb_fullwidth_header][\/et_pb_section][et_pb_section fb_built=&#8221;1&#8243; fullwidth=&#8221;on&#8221; custom_padding_last_edited=&#8221;on|desktop&#8221; disabled_on=&#8221;off|on|on&#8221; admin_label=&#8221;section&#8221; _builder_version=&#8221;3.19.9&#8243; custom_padding_tablet=&#8221;50px|0|50px|0&#8243; transparent_background=&#8221;off&#8221; padding_mobile=&#8221;off&#8221;][et_pb_fullwidth_header title=&#8221;Alfredo Garc\u00eda selected<br \/> ONE OF THE BEST SINGERS&#8221; header_fullscreen=&#8221;on&#8221; header_scroll_down=&#8221;on&#8221; scroll_down_icon=&#8221;%%1%%&#8221; button_one_url=&#8221;https:\/\/app.arts-people.com\/index.php?performance=360324&#8243; background_overlay_color=&#8221;rgba(0,0,0,0.2)&#8221; logo_image_url=&#8221;http:\/\/alfredogarcia.com\/wp-content\/uploads\/2019\/01\/opera_actual-1C.jpg&#8221; content_orientation=&#8221;bottom&#8221; _builder_version=&#8221;3.19.9&#8243; title_font=&#8221;|||on|||||&#8221; title_font_size=&#8221;22px&#8221; content_font_size=&#8221;16&#8243; subhead_font=&#8221;Old Standard TT|on|||&#8221; subhead_font_size=&#8221;20px&#8221; background_color=&#8221;rgba(255,255,255,0)&#8221; background_image=&#8221;http:\/\/alfredogarcia.com\/wp-content\/uploads\/2019\/01\/Alfredo_G_18_0075BB.jpg&#8221; max_width_tablet=&#8221;50px&#8221; custom_margin=&#8221;|||-44px&#8221; custom_padding=&#8221;|||0px&#8221; button_one_text_size__hover_enabled=&#8221;off&#8221; button_two_text_size__hover_enabled=&#8221;off&#8221; button_one_text_color__hover_enabled=&#8221;off&#8221; button_two_text_color__hover_enabled=&#8221;off&#8221; button_one_border_width__hover_enabled=&#8221;off&#8221; button_two_border_width__hover_enabled=&#8221;off&#8221; button_one_border_color__hover_enabled=&#8221;off&#8221; button_two_border_color__hover_enabled=&#8221;off&#8221; button_one_border_radius__hover_enabled=&#8221;off&#8221; button_two_border_radius__hover_enabled=&#8221;off&#8221; button_one_letter_spacing__hover_enabled=&#8221;off&#8221; button_two_letter_spacing__hover_enabled=&#8221;off&#8221; button_one_bg_color__hover_enabled=&#8221;off&#8221; button_two_bg_color__hover_enabled=&#8221;off&#8221;][\/et_pb_fullwidth_header][\/et_pb_section][et_pb_section fb_built=&#8221;1&#8243; _builder_version=&#8221;3.19.9&#8243; custom_margin=&#8221;-47px||-1px&#8221;][et_pb_row make_fullwidth=&#8221;on&#8221; use_custom_gutter=&#8221;on&#8221; gutter_width=&#8221;2&#8243; custom_margin=&#8221;-33px||&#8221; background_position_1=&#8221;top_left&#8221; background_repeat_1=&#8221;no-repeat&#8221; _builder_version=&#8221;3.19.9&#8243;][et_pb_column type=&#8221;3_4&#8243; _builder_version=&#8221;3.0.47&#8243; parallax=&#8221;off&#8221; parallax_method=&#8221;on&#8221; background_position=&#8221;top_left&#8221; background_repeat=&#8221;no-repeat&#8221;][et_pb_text _builder_version=&#8221;3.19.9&#8243; header_font=&#8221;||||||||&#8221; header_2_font=&#8221;||||||||&#8221; header_2_font_size=&#8221;30px&#8221; box_shadow_style=&#8221;preset2&#8243; custom_padding=&#8221;15px|15px|15px|15px&#8221;]\n<div style=\"text-align: justify;\">\n<h2 style=\"text-align: center;\">Alfredo Garc\u00eda one of the best singers<\/h2>\n<div style=\"text-align: justify;\">The collaborators of the magazine\u00a0<a href=\"http:\/\/www.operaactual.com\/index.php\">\u00d3pera Actual<\/a>, have selected Alfredo Garc\u00eda among the best singers in their number<a href=\"http:\/\/alfredogarcia.com\/english\/wp-content\/uploads\/sites\/5\/2019\/01\/Alfredo-Garc\u00eda-Nigel-Foster-1.jpg\"><img decoding=\"async\" loading=\"lazy\" class=\"wp-image-209792 alignright size-medium\" src=\"http:\/\/alfredogarcia.com\/english\/wp-content\/uploads\/sites\/5\/2019\/01\/Alfredo-Garc\u00eda-Nigel-Foster-1-300x300.jpg\" alt=\"\" width=\"300\" height=\"300\" srcset=\"https:\/\/alfredogarcia.com\/english\/wp-content\/uploads\/sites\/5\/2019\/01\/Alfredo-Garc\u00eda-Nigel-Foster-1-300x300.jpg 300w, https:\/\/alfredogarcia.com\/english\/wp-content\/uploads\/sites\/5\/2019\/01\/Alfredo-Garc\u00eda-Nigel-Foster-1-150x150.jpg 150w, https:\/\/alfredogarcia.com\/english\/wp-content\/uploads\/sites\/5\/2019\/01\/Alfredo-Garc\u00eda-Nigel-Foster-1.jpg 593w\" sizes=\"(max-width: 300px) 100vw, 300px\" \/><\/a> for the month of November, according to the operas critics of their collaborators around the world. This list is prepared according to the experts who come to the different scenarios and international opera shows and this time they have been selected along with Alfredo Garc\u00eda, artists such as\u00a0<a href=\"https:\/\/www.ceciliabartoli.com\/\">Cecilia Bartoli<\/a>, <a href=\"https:\/\/javiercamarena.com\/mx\/about\/\">Javier Camarena<\/a>,\u00a0 <a href=\"http:\/\/www.nancyfabiolaherrera.com\/\">Nancy Fabiola-Herrera<\/a> o <a href=\"https:\/\/renepape.com\/en\/\">Ren\u00e9 Pape<\/a>.<\/div>\n<div style=\"text-align: justify;\"><\/div>\n<\/div>\n<div>\n<p>The Opera Actual magazine has more than two decades of existence and is an international reference publication in coverage around the world of opera. Its network of correspondents are in cities such as Tokyo, New York, Helsinki or Santiago de Chile, collecting and disseminating the activities of the operatic industry and its artists at a global level, always with a special coverage for the Spanish and Hispanic market.<\/p>\n<\/div>\n<p>&nbsp;<\/p>\n<p><span style=\"font-size: small;\"><em>Photo cover: \u00a9Catherine Krulik<\/em><\/span><\/p>\n<div style=\"text-align: justify;\"><\/div>\n[\/et_pb_text][\/et_pb_column][et_pb_column type=&#8221;1_4&#8243; _builder_version=&#8221;3.0.47&#8243; parallax=&#8221;off&#8221; parallax_method=&#8221;on&#8221;][et_pb_image src=&#8221;http:\/\/alfredogarcia.com\/wp-content\/uploads\/2019\/01\/xxxvv1C7F793E-64qwq02-4EA5-BAFF-59E61365A81E.jpg&#8221; _builder_version=&#8221;3.19.7&#8243; box_shadow_style=&#8221;preset2&#8243; custom_margin=&#8221;|||&#8221;][\/et_pb_image][\/et_pb_column][\/et_pb_row][\/et_pb_section][et_pb_section fb_built=&#8221;1&#8243; fullwidth=&#8221;on&#8221; custom_padding_last_edited=&#8221;on|desktop&#8221; disabled_on=&#8221;off|on|on&#8221; admin_label=&#8221;section&#8221; _builder_version=&#8221;3.19.4&#8243; custom_padding_tablet=&#8221;50px|0|50px|0&#8243; transparent_background=&#8221;off&#8221; padding_mobile=&#8221;off&#8221; locked=&#8221;off&#8221;][et_pb_fullwidth_header title=&#8221;Recital de M\u00fasica Espa\u00f1ola&#8221; subhead=&#8221;ALFREDO GARC\u00cdA- BAR\u00cdTONO *    NIGEL FOSTER PIANO&#8221; text_orientation=&#8221;center&#8221; header_fullscreen=&#8221;on&#8221; header_scroll_down=&#8221;on&#8221; scroll_down_icon=&#8221;%%1%%&#8221; background_overlay_color=&#8221;rgba(0,0,0,0.14)&#8221; content_orientation=&#8221;bottom&#8221; _builder_version=&#8221;3.19.4&#8243; title_font=&#8221;|||on|||||&#8221; title_text_align=&#8221;center&#8221; title_font_size=&#8221;40px&#8221; title_font_size_phone=&#8221;30px&#8221; title_font_size_last_edited=&#8221;on|phone&#8221; content_font=&#8221;Old Standard TT|700|||||||&#8221; content_text_align=&#8221;center&#8221; content_font_size=&#8221;25px&#8221; content_font_size_phone=&#8221;17px&#8221; content_font_size_last_edited=&#8221;on|phone&#8221; subhead_font=&#8221;Old Standard TT|on|||&#8221; subhead_text_align=&#8221;center&#8221; subhead_font_size=&#8221;27px&#8221; subhead_font_size_phone=&#8221;17px&#8221; subhead_font_size_last_edited=&#8221;on|desktop&#8221; background_color=&#8221;rgba(255,255,255,0)&#8221; background_image=&#8221;http:\/\/alfredogarcia.com\/wp-content\/uploads\/2019\/01\/Alfredo-Garc\u00eda-Nigel-Foster-1.jpg&#8221; parallax=&#8221;on&#8221; custom_margin=&#8221;0px||0px|-126px&#8221; custom_margin_phone=&#8221;|||0px&#8221; custom_margin_last_edited=&#8221;on|phone&#8221; custom_padding=&#8221;162px|0px|20px|0px&#8221; button_one_text_size__hover_enabled=&#8221;off&#8221; button_two_text_size__hover_enabled=&#8221;off&#8221; button_one_text_color__hover_enabled=&#8221;off&#8221; button_two_text_color__hover_enabled=&#8221;off&#8221; button_one_border_width__hover_enabled=&#8221;off&#8221; button_two_border_width__hover_enabled=&#8221;off&#8221; button_one_border_color__hover_enabled=&#8221;off&#8221; button_two_border_color__hover_enabled=&#8221;off&#8221; button_one_border_radius__hover_enabled=&#8221;off&#8221; button_two_border_radius__hover_enabled=&#8221;off&#8221; button_one_letter_spacing__hover_enabled=&#8221;off&#8221; button_two_letter_spacing__hover_enabled=&#8221;off&#8221; button_one_bg_color__hover_enabled=&#8221;off&#8221; button_two_bg_color__hover_enabled=&#8221;off&#8221;]\n<p>____________________________________<\/p>\n<p>&nbsp;<\/p>\n<p><span>\u00a0Alderney Performing Arts Festival\u00a0<\/span><\/p>\n<p>Alderney (UK) 26 de mayo de 2019<\/p>\n<p>&nbsp;<\/p>\n<p>&nbsp;<\/p>\n[\/et_pb_fullwidth_header][\/et_pb_section]\n","protected":false},"excerpt":{"rendered":"<p>The magazine \u00d3pera Actual, have selected Alfredo Garc\u00eda among the best singers in their number for the month of November, according to the operas critics of their collaborators around the world. In this list there are artists like Cecilia Bartoli, Javier Camarena, Nancy Fabiola-Herrera or Ren\u00e9 Pape.<\/p>\n","protected":false},"author":1,"featured_media":209794,"comment_status":"open","ping_status":"open","sticky":false,"template":"","format":"standard","meta":{"_et_pb_use_builder":"on","_et_pb_old_content":"","_et_gb_content_width":"","_mi_skip_tracking":false,"_links_to":"","_links_to_target":""},"categories":[15],"tags":[],"yoast_head":"<!-- This site is optimized with the Yoast SEO plugin v20.3 - https:\/\/yoast.com\/wordpress\/plugins\/seo\/ -->\n<title>Alfredo Garc\u00eda one of the best singers<\/title>\n<meta name=\"description\" content=\"The magazine \u00d3pera Actual, have selected Alfredo Garc\u00eda among the best singers according to the operas critics of their collaborators around the world.\" \/>\n<meta name=\"robots\" content=\"index, follow, max-snippet:-1, max-image-preview:large, max-video-preview:-1\" \/>\n<link rel=\"canonical\" href=\"https:\/\/alfredogarcia.com\/english\/blog\/alfredo-garcia-one-of-the-best-singers\/\" \/>\n<meta property=\"og:locale\" content=\"en_US\" \/>\n<meta property=\"og:type\" content=\"article\" \/>\n<meta property=\"og:title\" content=\"Alfredo Garc\u00eda one of the best singers\" \/>\n<meta property=\"og:description\" content=\"The magazine \u00d3pera Actual, have selected Alfredo Garc\u00eda among the best singers according to the operas critics of their collaborators around the world.\" \/>\n<meta property=\"og:url\" content=\"https:\/\/alfredogarcia.com\/english\/blog\/alfredo-garcia-one-of-the-best-singers\/\" \/>\n<meta property=\"og:site_name\" content=\"Alfredo Garc\u00eda\" \/>\n<meta property=\"article:published_time\" content=\"2019-01-27T19:14:24+00:00\" \/>\n<meta property=\"article:modified_time\" content=\"2019-01-27T19:30:40+00:00\" \/>\n<meta property=\"og:image\" content=\"https:\/\/alfredogarcia.com\/english\/wp-content\/uploads\/sites\/5\/2019\/01\/Alfredo_Garc\u00eda-bar\u00edtono_18_0075B-1024x683.jpg\" \/>\n\t<meta property=\"og:image:width\" content=\"1024\" \/>\n\t<meta property=\"og:image:height\" content=\"683\" \/>\n\t<meta property=\"og:image:type\" content=\"image\/jpeg\" \/>\n<meta name=\"author\" content=\"Alfredo Garc\u00eda\" \/>\n<meta name=\"twitter:card\" content=\"summary_large_image\" \/>\n<meta name=\"twitter:title\" content=\"El Retablo de Maese Pedro - Manuel de Falla\" \/>\n<meta name=\"twitter:description\" content=\"Juanjo Mena, director. Alfredo Garc\u00eda, Don Quijote, Jos\u00e9 Manuel S\u00e1nchez, Maese Pedro, Elena de la Merced, Trujam\u00e1n. ORQUESTA NACIONAL DE ESPA\u00d1A. Auditorio Nacional de M\u00fasica de Madrid.\" \/>\n<meta name=\"twitter:image\" content=\"http:\/\/alfredogarcia.com\/wp-content\/uploads\/2015\/11\/Prom-18-Juanjo-Mena-012.jpg\" \/>\n<meta name=\"twitter:label1\" content=\"Written by\" \/>\n\t<meta name=\"twitter:data1\" content=\"Alfredo Garc\u00eda\" \/>\n\t<meta name=\"twitter:label2\" content=\"Est. reading time\" \/>\n\t<meta name=\"twitter:data2\" content=\"5 minutes\" \/>\n<script type=\"application\/ld+json\" class=\"yoast-schema-graph\">{\"@context\":\"https:\/\/schema.org\",\"@graph\":[{\"@type\":\"WebPage\",\"@id\":\"https:\/\/alfredogarcia.com\/english\/blog\/alfredo-garcia-one-of-the-best-singers\/\",\"url\":\"https:\/\/alfredogarcia.com\/english\/blog\/alfredo-garcia-one-of-the-best-singers\/\",\"name\":\"Alfredo Garc\u00eda one of the best singers\",\"isPartOf\":{\"@id\":\"https:\/\/alfredogarcia.com\/english\/#website\"},\"datePublished\":\"2019-01-27T19:14:24+00:00\",\"dateModified\":\"2019-01-27T19:30:40+00:00\",\"author\":{\"@id\":\"https:\/\/alfredogarcia.com\/english\/#\/schema\/person\/f1c2e0d40fcd4deaa92f7585f4661c78\"},\"description\":\"The magazine \u00d3pera Actual, have selected Alfredo Garc\u00eda among the best singers according to the operas critics of their collaborators around the world.\",\"breadcrumb\":{\"@id\":\"https:\/\/alfredogarcia.com\/english\/blog\/alfredo-garcia-one-of-the-best-singers\/#breadcrumb\"},\"inLanguage\":\"en-US\",\"potentialAction\":[{\"@type\":\"ReadAction\",\"target\":[\"https:\/\/alfredogarcia.com\/english\/blog\/alfredo-garcia-one-of-the-best-singers\/\"]}]},{\"@type\":\"BreadcrumbList\",\"@id\":\"https:\/\/alfredogarcia.com\/english\/blog\/alfredo-garcia-one-of-the-best-singers\/#breadcrumb\",\"itemListElement\":[{\"@type\":\"ListItem\",\"position\":1,\"name\":\"Portada\",\"item\":\"https:\/\/alfredogarcia.com\/english\/\"},{\"@type\":\"ListItem\",\"position\":2,\"name\":\"Alfredo Garc\u00eda one of the best singers\"}]},{\"@type\":\"WebSite\",\"@id\":\"https:\/\/alfredogarcia.com\/english\/#website\",\"url\":\"https:\/\/alfredogarcia.com\/english\/\",\"name\":\"Alfredo Garc\u00eda\",\"description\":\"Bar\u00edtone\",\"potentialAction\":[{\"@type\":\"SearchAction\",\"target\":{\"@type\":\"EntryPoint\",\"urlTemplate\":\"https:\/\/alfredogarcia.com\/english\/?s={search_term_string}\"},\"query-input\":\"required name=search_term_string\"}],\"inLanguage\":\"en-US\"},{\"@type\":\"Person\",\"@id\":\"https:\/\/alfredogarcia.com\/english\/#\/schema\/person\/f1c2e0d40fcd4deaa92f7585f4661c78\",\"name\":\"Alfredo Garc\u00eda\",\"image\":{\"@type\":\"ImageObject\",\"inLanguage\":\"en-US\",\"@id\":\"https:\/\/alfredogarcia.com\/english\/#\/schema\/person\/image\/\",\"url\":\"https:\/\/secure.gravatar.com\/avatar\/3bab137e283fa6ad0711e570e917daed?s=96&d=mm&r=g\",\"contentUrl\":\"https:\/\/secure.gravatar.com\/avatar\/3bab137e283fa6ad0711e570e917daed?s=96&d=mm&r=g\",\"caption\":\"Alfredo Garc\u00eda\"},\"url\":\"https:\/\/alfredogarcia.com\/english\/blog\/author\/similaresoldofa\/\"}]}<\/script>\n<!-- \/ Yoast SEO plugin. -->","yoast_head_json":{"title":"Alfredo Garc\u00eda one of the best singers","description":"The magazine \u00d3pera Actual, have selected Alfredo Garc\u00eda among the best singers according to the operas critics of their collaborators around the world.","robots":{"index":"index","follow":"follow","max-snippet":"max-snippet:-1","max-image-preview":"max-image-preview:large","max-video-preview":"max-video-preview:-1"},"canonical":"https:\/\/alfredogarcia.com\/english\/blog\/alfredo-garcia-one-of-the-best-singers\/","og_locale":"en_US","og_type":"article","og_title":"Alfredo Garc\u00eda one of the best singers","og_description":"The magazine \u00d3pera Actual, have selected Alfredo Garc\u00eda among the best singers according to the operas critics of their collaborators around the world.","og_url":"https:\/\/alfredogarcia.com\/english\/blog\/alfredo-garcia-one-of-the-best-singers\/","og_site_name":"Alfredo Garc\u00eda","article_published_time":"2019-01-27T19:14:24+00:00","article_modified_time":"2019-01-27T19:30:40+00:00","og_image":[{"width":1024,"height":683,"url":"https:\/\/alfredogarcia.com\/english\/wp-content\/uploads\/sites\/5\/2019\/01\/Alfredo_Garc\u00eda-bar\u00edtono_18_0075B-1024x683.jpg","type":"image\/jpeg"}],"author":"Alfredo Garc\u00eda","twitter_card":"summary_large_image","twitter_title":"El Retablo de Maese Pedro - Manuel de Falla","twitter_description":"Juanjo Mena, director. Alfredo Garc\u00eda, Don Quijote, Jos\u00e9 Manuel S\u00e1nchez, Maese Pedro, Elena de la Merced, Trujam\u00e1n. ORQUESTA NACIONAL DE ESPA\u00d1A. Auditorio Nacional de M\u00fasica de Madrid.","twitter_image":"http:\/\/alfredogarcia.com\/wp-content\/uploads\/2015\/11\/Prom-18-Juanjo-Mena-012.jpg","twitter_misc":{"Written by":"Alfredo Garc\u00eda","Est. reading time":"5 minutes"},"schema":{"@context":"https:\/\/schema.org","@graph":[{"@type":"WebPage","@id":"https:\/\/alfredogarcia.com\/english\/blog\/alfredo-garcia-one-of-the-best-singers\/","url":"https:\/\/alfredogarcia.com\/english\/blog\/alfredo-garcia-one-of-the-best-singers\/","name":"Alfredo Garc\u00eda one of the best singers","isPartOf":{"@id":"https:\/\/alfredogarcia.com\/english\/#website"},"datePublished":"2019-01-27T19:14:24+00:00","dateModified":"2019-01-27T19:30:40+00:00","author":{"@id":"https:\/\/alfredogarcia.com\/english\/#\/schema\/person\/f1c2e0d40fcd4deaa92f7585f4661c78"},"description":"The magazine \u00d3pera Actual, have selected Alfredo Garc\u00eda among the best singers according to the operas critics of their collaborators around the world.","breadcrumb":{"@id":"https:\/\/alfredogarcia.com\/english\/blog\/alfredo-garcia-one-of-the-best-singers\/#breadcrumb"},"inLanguage":"en-US","potentialAction":[{"@type":"ReadAction","target":["https:\/\/alfredogarcia.com\/english\/blog\/alfredo-garcia-one-of-the-best-singers\/"]}]},{"@type":"BreadcrumbList","@id":"https:\/\/alfredogarcia.com\/english\/blog\/alfredo-garcia-one-of-the-best-singers\/#breadcrumb","itemListElement":[{"@type":"ListItem","position":1,"name":"Portada","item":"https:\/\/alfredogarcia.com\/english\/"},{"@type":"ListItem","position":2,"name":"Alfredo Garc\u00eda one of the best singers"}]},{"@type":"WebSite","@id":"https:\/\/alfredogarcia.com\/english\/#website","url":"https:\/\/alfredogarcia.com\/english\/","name":"Alfredo Garc\u00eda","description":"Bar\u00edtone","potentialAction":[{"@type":"SearchAction","target":{"@type":"EntryPoint","urlTemplate":"https:\/\/alfredogarcia.com\/english\/?s={search_term_string}"},"query-input":"required name=search_term_string"}],"inLanguage":"en-US"},{"@type":"Person","@id":"https:\/\/alfredogarcia.com\/english\/#\/schema\/person\/f1c2e0d40fcd4deaa92f7585f4661c78","name":"Alfredo Garc\u00eda","image":{"@type":"ImageObject","inLanguage":"en-US","@id":"https:\/\/alfredogarcia.com\/english\/#\/schema\/person\/image\/","url":"https:\/\/secure.gravatar.com\/avatar\/3bab137e283fa6ad0711e570e917daed?s=96&d=mm&r=g","contentUrl":"https:\/\/secure.gravatar.com\/avatar\/3bab137e283fa6ad0711e570e917daed?s=96&d=mm&r=g","caption":"Alfredo Garc\u00eda"},"url":"https:\/\/alfredogarcia.com\/english\/blog\/author\/similaresoldofa\/"}]}},"_links":{"self":[{"href":"https:\/\/alfredogarcia.com\/english\/wp-json\/wp\/v2\/posts\/209791"}],"collection":[{"href":"https:\/\/alfredogarcia.com\/english\/wp-json\/wp\/v2\/posts"}],"about":[{"href":"https:\/\/alfredogarcia.com\/english\/wp-json\/wp\/v2\/types\/post"}],"author":[{"embeddable":true,"href":"https:\/\/alfredogarcia.com\/english\/wp-json\/wp\/v2\/users\/1"}],"replies":[{"embeddable":true,"href":"https:\/\/alfredogarcia.com\/english\/wp-json\/wp\/v2\/comments?post=209791"}],"version-history":[{"count":10,"href":"https:\/\/alfredogarcia.com\/english\/wp-json\/wp\/v2\/posts\/209791\/revisions"}],"predecessor-version":[{"id":209804,"href":"https:\/\/alfredogarcia.com\/english\/wp-json\/wp\/v2\/posts\/209791\/revisions\/209804"}],"wp:featuredmedia":[{"embeddable":true,"href":"https:\/\/alfredogarcia.com\/english\/wp-json\/wp\/v2\/media\/209794"}],"wp:attachment":[{"href":"https:\/\/alfredogarcia.com\/english\/wp-json\/wp\/v2\/media?parent=209791"}],"wp:term":[{"taxonomy":"category","embeddable":true,"href":"https:\/\/alfredogarcia.com\/english\/wp-json\/wp\/v2\/categories?post=209791"},{"taxonomy":"post_tag","embeddable":true,"href":"https:\/\/alfredogarcia.com\/english\/wp-json\/wp\/v2\/tags?post=209791"}],"curies":[{"name":"wp","href":"https:\/\/api.w.org\/{rel}","templated":true}]}}