{"id":1603,"date":"2010-09-09T17:05:49","date_gmt":"2010-09-09T17:05:49","guid":{"rendered":"http:\/\/alfredogarcia.com\/english\/?p=1603"},"modified":"2015-09-27T09:10:38","modified_gmt":"2015-09-27T09:10:38","slug":"recital-de-canto-y-piano-festival-estio-burgales","status":"publish","type":"post","link":"https:\/\/alfredogarcia.com\/english\/blog\/recital-de-canto-y-piano-festival-estio-burgales\/","title":{"rendered":"Voice and piano recital. Festival Est\u00edo Burgal\u00e9s"},"content":{"rendered":"[et_pb_section admin_label=&#8221;section&#8221; fullwidth=&#8221;on&#8221; specialty=&#8221;off&#8221; transparent_background=&#8221;off&#8221; allow_player_pause=&#8221;off&#8221; inner_shadow=&#8221;off&#8221; parallax=&#8221;off&#8221; parallax_method=&#8221;off&#8221; padding_mobile=&#8221;off&#8221; make_fullwidth=&#8221;off&#8221; use_custom_width=&#8221;off&#8221; width_unit=&#8221;on&#8221; make_equal=&#8221;off&#8221; use_custom_gutter=&#8221;off&#8221;][et_pb_fullwidth_header admin_label=&#8221;T\u00edtulo de anchura completa&#8221; title=&#8221;Voice and piano recital<br \/>\nFestival Est\u00edo Burgal\u00e9s&#8221; subhead=&#8221;Teatro Principal de Burgos. September 9, 2010&#8243; background_layout=&#8221;dark&#8221; text_orientation=&#8221;left&#8221; header_fullscreen=&#8221;on&#8221; header_scroll_down=&#8221;on&#8221; background_url=&#8221;http:\/\/alfredogarcia.com\/english\/wp-content\/uploads\/sites\/5\/2015\/02\/IMG_6041.jpg&#8221; parallax=&#8221;on&#8221; parallax_method=&#8221;off&#8221; content_orientation=&#8221;center&#8221; image_orientation=&#8221;center&#8221; title_font=&#8221;|||on|&#8221; title_font_size=&#8221;33&#8243; content_font_size=&#8221;16&#8243; custom_button_one=&#8221;off&#8221; button_one_letter_spacing=&#8221;0&#8243; button_one_use_icon=&#8221;default&#8221; button_one_icon_placement=&#8221;right&#8221; button_one_on_hover=&#8221;on&#8221; button_one_letter_spacing_hover=&#8221;0&#8243; custom_button_two=&#8221;off&#8221; button_two_letter_spacing=&#8221;0&#8243; button_two_use_icon=&#8221;default&#8221; button_two_icon_placement=&#8221;right&#8221; button_two_on_hover=&#8221;on&#8221; button_two_letter_spacing_hover=&#8221;0&#8243; scroll_down_icon=&#8221;%%1%%&#8221; subhead_font=&#8221;Old Standard TT|on|||&#8221; button_one_text=&#8221;See program&#8221; button_one_url=&#8221;http:\/\/alfredogarcia.com\/english\/wp-content\/uploads\/sites\/5\/2015\/07\/Pages-from-programa-indiv-estio-2010.pdf&#8221; subhead_font_size=&#8221;20px&#8221;]\n<p>___________________________________________________<\/p>\n<p>&nbsp;<\/p>\n<p><strong>Alfredo Garc\u00eda<\/strong>,\u00a0baritone<\/p>\n<p><strong>Chiky Mart\u00edn, <\/strong>piano<\/p>\n<p>&nbsp;<\/p>\n<p>&nbsp;<\/p>\n<p>&nbsp;<\/p>\n<p>&nbsp;<\/p>\n<p>&nbsp;<\/p>\n<p>&nbsp;<\/p>\n[\/et_pb_fullwidth_header][\/et_pb_section][et_pb_section admin_label=&#8221;section&#8221; fullwidth=&#8221;off&#8221; specialty=&#8221;off&#8221; disabled=&#8221;off&#8221;][et_pb_row admin_label=&#8221;row&#8221; make_fullwidth=&#8221;on&#8221; use_custom_width=&#8221;off&#8221; width_unit=&#8221;on&#8221; use_custom_gutter=&#8221;off&#8221; padding_mobile=&#8221;off&#8221; allow_player_pause=&#8221;off&#8221; parallax=&#8221;off&#8221; parallax_method=&#8221;off&#8221; make_equal=&#8221;off&#8221;][et_pb_column type=&#8221;4_4&#8243;][et_pb_text admin_label=&#8221;Texto&#8221; background_layout=&#8221;light&#8221; text_orientation=&#8221;left&#8221; use_border_color=&#8221;off&#8221; border_color=&#8221;#ffffff&#8221; border_style=&#8221;solid&#8221; saved_tabs=&#8221;all&#8221;]\n<p align=\"center\"><div class='et-box et-shadow'>\n\t\t\t\t\t<div class='et-box-content'><h2 align=\"center\">Diversity and beauty of Spanish vocal music<\/h2>\n<div id=\"attachment_1618\" style=\"width: 160px\" class=\"wp-caption alignright\"><a href=\"http:\/\/alfredogarcia.com\/english\/wp-content\/uploads\/sites\/5\/2010\/09\/chikymartin.jpg\"><img decoding=\"async\" loading=\"lazy\" aria-describedby=\"caption-attachment-1618\" class=\"wp-image-1618 size-thumbnail\" src=\"http:\/\/alfredogarcia.com\/english\/wp-content\/uploads\/sites\/5\/2010\/09\/chikymartin-150x150.jpg\" alt=\"chikymartin\" width=\"150\" height=\"150\" \/><\/a><p id=\"caption-attachment-1618\" class=\"wp-caption-text\">Chiky Mart\u00edn, piano<\/p><\/div>\n<div class=\"Estilo1\" style=\"text-align: justify;\" align=\"right\"><span style=\"color: #888888;\"><span style=\"color: #333333;\">&#8220;In 1914, Manuel de Falla (1876-1946) had spent seven years in Paris, and had not only learned a lot and had been linked with French musicians whom he admired, but even he was already someone important in that city which, for him and many others was the European capital of music.<\/p>\n<p>It was then when he composed \u201c7 Popular Spanish Songs\u201d that, back in Spain, Falla premiered at the Teatro de la Zarzuela in Madrid on January 14, 1915, from the piano, to accompany the soprano Luisa Vela.<\/p>\n<p>It is a masterpiece, probably unsurpassed, of a clear insight into the essential keys of the essential melodic, harmonic and rhythmic processes of folk songs to revert it with personal creative accents of extraordinary refinement.<\/p>\n<p>The extreme brevity is given here with external characters of simplicity, ease; they are not other thing but symptoms of his absolute compositional maturity. The different songs come one after the other without hiding their popular origin (they are located in the best Songbooks Spanish folk themes in which Falla had supported), but proclaiming, at the same time, the strong musical personality of the Andalusian master&#8221;.<\/span><\/span><\/div>\n<div class=\"Estilo1\" style=\"text-align: right;\" align=\"right\"><span style=\"color: #888888;\"><span style=\"color: #333333;\">\n<\/span><\/span><em><span style=\"color: #888888;\"><span style=\"color: #333333;\">\n<\/span><\/span>Extracted from the program notes by<\/em>\n<em>Jos\u00e9 Luis Garc\u00eda del Busto<\/em><\/div>\n<p align=\"center\"><\/div><\/div>\n[\/et_pb_text][\/et_pb_column][\/et_pb_row][\/et_pb_section]\n","protected":false},"excerpt":{"rendered":"<p>Alfredo Garc\u00eda, baritone<br \/>\nChiky Mart\u00edn, piano<\/p>\n<p>Teatro Principal de Burgos. 9 de septiembre de 2010<\/p>\n","protected":false},"author":1,"featured_media":436,"comment_status":"open","ping_status":"open","sticky":false,"template":"","format":"standard","meta":{"_et_pb_use_builder":"on","_et_pb_old_content":"","_et_gb_content_width":"","_mi_skip_tracking":false,"_links_to":"","_links_to_target":""},"categories":[14],"tags":[],"yoast_head":"<!-- This site is optimized with the Yoast SEO plugin v20.3 - https:\/\/yoast.com\/wordpress\/plugins\/seo\/ -->\n<title>Voice and piano recital. Festival Est\u00edo Burgal\u00e9s - Alfredo Garc\u00eda<\/title>\n<meta name=\"description\" content=\"Voice and piano recital in the Festival Est\u00edo Burgal\u00e9s. Alfredo Garc\u00eda baritone, Chiky Mart\u00edn piano.\" \/>\n<meta name=\"robots\" content=\"index, follow, max-snippet:-1, max-image-preview:large, max-video-preview:-1\" \/>\n<link rel=\"canonical\" href=\"https:\/\/alfredogarcia.com\/english\/blog\/recital-de-canto-y-piano-festival-estio-burgales\/\" \/>\n<meta property=\"og:locale\" content=\"en_US\" \/>\n<meta property=\"og:type\" content=\"article\" \/>\n<meta property=\"og:title\" content=\"Voice and piano recital. Festival Est\u00edo Burgal\u00e9s - Alfredo Garc\u00eda\" \/>\n<meta property=\"og:description\" content=\"Voice and piano recital in the Festival Est\u00edo Burgal\u00e9s. Alfredo Garc\u00eda baritone, Chiky Mart\u00edn piano.\" \/>\n<meta property=\"og:url\" content=\"https:\/\/alfredogarcia.com\/english\/blog\/recital-de-canto-y-piano-festival-estio-burgales\/\" \/>\n<meta property=\"og:site_name\" content=\"Alfredo Garc\u00eda\" \/>\n<meta property=\"article:published_time\" content=\"2010-09-09T17:05:49+00:00\" \/>\n<meta property=\"article:modified_time\" content=\"2015-09-27T09:10:38+00:00\" \/>\n<meta property=\"og:image\" content=\"https:\/\/alfredogarcia.com\/english\/wp-content\/uploads\/sites\/5\/2015\/02\/IMG_6041.jpg\" \/>\n\t<meta property=\"og:image:width\" content=\"720\" \/>\n\t<meta property=\"og:image:height\" content=\"408\" \/>\n\t<meta property=\"og:image:type\" content=\"image\/jpeg\" \/>\n<meta name=\"author\" content=\"Alfredo Garc\u00eda\" \/>\n<meta name=\"twitter:card\" content=\"summary_large_image\" \/>\n<meta name=\"twitter:label1\" content=\"Written by\" \/>\n\t<meta name=\"twitter:data1\" content=\"Alfredo Garc\u00eda\" \/>\n\t<meta name=\"twitter:label2\" content=\"Est. reading time\" \/>\n\t<meta name=\"twitter:data2\" content=\"3 minutes\" \/>\n<script type=\"application\/ld+json\" class=\"yoast-schema-graph\">{\"@context\":\"https:\/\/schema.org\",\"@graph\":[{\"@type\":\"WebPage\",\"@id\":\"https:\/\/alfredogarcia.com\/english\/blog\/recital-de-canto-y-piano-festival-estio-burgales\/\",\"url\":\"https:\/\/alfredogarcia.com\/english\/blog\/recital-de-canto-y-piano-festival-estio-burgales\/\",\"name\":\"Voice and piano recital. Festival Est\u00edo Burgal\u00e9s - Alfredo Garc\u00eda\",\"isPartOf\":{\"@id\":\"https:\/\/alfredogarcia.com\/english\/#website\"},\"datePublished\":\"2010-09-09T17:05:49+00:00\",\"dateModified\":\"2015-09-27T09:10:38+00:00\",\"author\":{\"@id\":\"https:\/\/alfredogarcia.com\/english\/#\/schema\/person\/f1c2e0d40fcd4deaa92f7585f4661c78\"},\"description\":\"Voice and piano recital in the Festival Est\u00edo Burgal\u00e9s. Alfredo Garc\u00eda baritone, Chiky Mart\u00edn piano.\",\"breadcrumb\":{\"@id\":\"https:\/\/alfredogarcia.com\/english\/blog\/recital-de-canto-y-piano-festival-estio-burgales\/#breadcrumb\"},\"inLanguage\":\"en-US\",\"potentialAction\":[{\"@type\":\"ReadAction\",\"target\":[\"https:\/\/alfredogarcia.com\/english\/blog\/recital-de-canto-y-piano-festival-estio-burgales\/\"]}]},{\"@type\":\"BreadcrumbList\",\"@id\":\"https:\/\/alfredogarcia.com\/english\/blog\/recital-de-canto-y-piano-festival-estio-burgales\/#breadcrumb\",\"itemListElement\":[{\"@type\":\"ListItem\",\"position\":1,\"name\":\"Portada\",\"item\":\"https:\/\/alfredogarcia.com\/english\/\"},{\"@type\":\"ListItem\",\"position\":2,\"name\":\"Voice and piano recital. Festival Est\u00edo Burgal\u00e9s\"}]},{\"@type\":\"WebSite\",\"@id\":\"https:\/\/alfredogarcia.com\/english\/#website\",\"url\":\"https:\/\/alfredogarcia.com\/english\/\",\"name\":\"Alfredo Garc\u00eda\",\"description\":\"Bar\u00edtone\",\"potentialAction\":[{\"@type\":\"SearchAction\",\"target\":{\"@type\":\"EntryPoint\",\"urlTemplate\":\"https:\/\/alfredogarcia.com\/english\/?s={search_term_string}\"},\"query-input\":\"required name=search_term_string\"}],\"inLanguage\":\"en-US\"},{\"@type\":\"Person\",\"@id\":\"https:\/\/alfredogarcia.com\/english\/#\/schema\/person\/f1c2e0d40fcd4deaa92f7585f4661c78\",\"name\":\"Alfredo Garc\u00eda\",\"image\":{\"@type\":\"ImageObject\",\"inLanguage\":\"en-US\",\"@id\":\"https:\/\/alfredogarcia.com\/english\/#\/schema\/person\/image\/\",\"url\":\"https:\/\/secure.gravatar.com\/avatar\/3bab137e283fa6ad0711e570e917daed?s=96&d=mm&r=g\",\"contentUrl\":\"https:\/\/secure.gravatar.com\/avatar\/3bab137e283fa6ad0711e570e917daed?s=96&d=mm&r=g\",\"caption\":\"Alfredo Garc\u00eda\"},\"url\":\"https:\/\/alfredogarcia.com\/english\/blog\/author\/similaresoldofa\/\"}]}<\/script>\n<!-- \/ Yoast SEO plugin. -->","yoast_head_json":{"title":"Voice and piano recital. Festival Est\u00edo Burgal\u00e9s - Alfredo Garc\u00eda","description":"Voice and piano recital in the Festival Est\u00edo Burgal\u00e9s. Alfredo Garc\u00eda baritone, Chiky Mart\u00edn piano.","robots":{"index":"index","follow":"follow","max-snippet":"max-snippet:-1","max-image-preview":"max-image-preview:large","max-video-preview":"max-video-preview:-1"},"canonical":"https:\/\/alfredogarcia.com\/english\/blog\/recital-de-canto-y-piano-festival-estio-burgales\/","og_locale":"en_US","og_type":"article","og_title":"Voice and piano recital. Festival Est\u00edo Burgal\u00e9s - Alfredo Garc\u00eda","og_description":"Voice and piano recital in the Festival Est\u00edo Burgal\u00e9s. Alfredo Garc\u00eda baritone, Chiky Mart\u00edn piano.","og_url":"https:\/\/alfredogarcia.com\/english\/blog\/recital-de-canto-y-piano-festival-estio-burgales\/","og_site_name":"Alfredo Garc\u00eda","article_published_time":"2010-09-09T17:05:49+00:00","article_modified_time":"2015-09-27T09:10:38+00:00","og_image":[{"width":720,"height":408,"url":"https:\/\/alfredogarcia.com\/english\/wp-content\/uploads\/sites\/5\/2015\/02\/IMG_6041.jpg","type":"image\/jpeg"}],"author":"Alfredo Garc\u00eda","twitter_card":"summary_large_image","twitter_misc":{"Written by":"Alfredo Garc\u00eda","Est. reading time":"3 minutes"},"schema":{"@context":"https:\/\/schema.org","@graph":[{"@type":"WebPage","@id":"https:\/\/alfredogarcia.com\/english\/blog\/recital-de-canto-y-piano-festival-estio-burgales\/","url":"https:\/\/alfredogarcia.com\/english\/blog\/recital-de-canto-y-piano-festival-estio-burgales\/","name":"Voice and piano recital. Festival Est\u00edo Burgal\u00e9s - Alfredo Garc\u00eda","isPartOf":{"@id":"https:\/\/alfredogarcia.com\/english\/#website"},"datePublished":"2010-09-09T17:05:49+00:00","dateModified":"2015-09-27T09:10:38+00:00","author":{"@id":"https:\/\/alfredogarcia.com\/english\/#\/schema\/person\/f1c2e0d40fcd4deaa92f7585f4661c78"},"description":"Voice and piano recital in the Festival Est\u00edo Burgal\u00e9s. Alfredo Garc\u00eda baritone, Chiky Mart\u00edn piano.","breadcrumb":{"@id":"https:\/\/alfredogarcia.com\/english\/blog\/recital-de-canto-y-piano-festival-estio-burgales\/#breadcrumb"},"inLanguage":"en-US","potentialAction":[{"@type":"ReadAction","target":["https:\/\/alfredogarcia.com\/english\/blog\/recital-de-canto-y-piano-festival-estio-burgales\/"]}]},{"@type":"BreadcrumbList","@id":"https:\/\/alfredogarcia.com\/english\/blog\/recital-de-canto-y-piano-festival-estio-burgales\/#breadcrumb","itemListElement":[{"@type":"ListItem","position":1,"name":"Portada","item":"https:\/\/alfredogarcia.com\/english\/"},{"@type":"ListItem","position":2,"name":"Voice and piano recital. Festival Est\u00edo Burgal\u00e9s"}]},{"@type":"WebSite","@id":"https:\/\/alfredogarcia.com\/english\/#website","url":"https:\/\/alfredogarcia.com\/english\/","name":"Alfredo Garc\u00eda","description":"Bar\u00edtone","potentialAction":[{"@type":"SearchAction","target":{"@type":"EntryPoint","urlTemplate":"https:\/\/alfredogarcia.com\/english\/?s={search_term_string}"},"query-input":"required name=search_term_string"}],"inLanguage":"en-US"},{"@type":"Person","@id":"https:\/\/alfredogarcia.com\/english\/#\/schema\/person\/f1c2e0d40fcd4deaa92f7585f4661c78","name":"Alfredo Garc\u00eda","image":{"@type":"ImageObject","inLanguage":"en-US","@id":"https:\/\/alfredogarcia.com\/english\/#\/schema\/person\/image\/","url":"https:\/\/secure.gravatar.com\/avatar\/3bab137e283fa6ad0711e570e917daed?s=96&d=mm&r=g","contentUrl":"https:\/\/secure.gravatar.com\/avatar\/3bab137e283fa6ad0711e570e917daed?s=96&d=mm&r=g","caption":"Alfredo Garc\u00eda"},"url":"https:\/\/alfredogarcia.com\/english\/blog\/author\/similaresoldofa\/"}]}},"_links":{"self":[{"href":"https:\/\/alfredogarcia.com\/english\/wp-json\/wp\/v2\/posts\/1603"}],"collection":[{"href":"https:\/\/alfredogarcia.com\/english\/wp-json\/wp\/v2\/posts"}],"about":[{"href":"https:\/\/alfredogarcia.com\/english\/wp-json\/wp\/v2\/types\/post"}],"author":[{"embeddable":true,"href":"https:\/\/alfredogarcia.com\/english\/wp-json\/wp\/v2\/users\/1"}],"replies":[{"embeddable":true,"href":"https:\/\/alfredogarcia.com\/english\/wp-json\/wp\/v2\/comments?post=1603"}],"version-history":[{"count":15,"href":"https:\/\/alfredogarcia.com\/english\/wp-json\/wp\/v2\/posts\/1603\/revisions"}],"predecessor-version":[{"id":2991,"href":"https:\/\/alfredogarcia.com\/english\/wp-json\/wp\/v2\/posts\/1603\/revisions\/2991"}],"wp:featuredmedia":[{"embeddable":true,"href":"https:\/\/alfredogarcia.com\/english\/wp-json\/wp\/v2\/media\/436"}],"wp:attachment":[{"href":"https:\/\/alfredogarcia.com\/english\/wp-json\/wp\/v2\/media?parent=1603"}],"wp:term":[{"taxonomy":"category","embeddable":true,"href":"https:\/\/alfredogarcia.com\/english\/wp-json\/wp\/v2\/categories?post=1603"},{"taxonomy":"post_tag","embeddable":true,"href":"https:\/\/alfredogarcia.com\/english\/wp-json\/wp\/v2\/tags?post=1603"}],"curies":[{"name":"wp","href":"https:\/\/api.w.org\/{rel}","templated":true}]}}