{"id":1217,"date":"2014-12-20T14:51:14","date_gmt":"2014-12-20T14:51:14","guid":{"rendered":"http:\/\/alfredogarcia.com\/english\/?p=1217"},"modified":"2016-02-19T13:14:37","modified_gmt":"2016-02-19T13:14:37","slug":"el-mesias-de-handel-palau-de-la-musica-de-valencia","status":"publish","type":"post","link":"https:\/\/alfredogarcia.com\/english\/blog\/el-mesias-de-handel-palau-de-la-musica-de-valencia\/","title":{"rendered":"Messiah by H\u00e4ndel. Palau de la M\u00fasica de Valencia"},"content":{"rendered":"[et_pb_section admin_label=&#8221;section&#8221; fullwidth=&#8221;on&#8221; specialty=&#8221;off&#8221; transparent_background=&#8221;off&#8221; allow_player_pause=&#8221;off&#8221; inner_shadow=&#8221;off&#8221; parallax=&#8221;off&#8221; parallax_method=&#8221;off&#8221; padding_mobile=&#8221;off&#8221; make_fullwidth=&#8221;off&#8221; use_custom_width=&#8221;off&#8221; width_unit=&#8221;on&#8221; make_equal=&#8221;off&#8221; use_custom_gutter=&#8221;off&#8221;][et_pb_fullwidth_header admin_label=&#8221;T\u00edtulo de anchura completa&#8221; title=&#8221;Messiah by H\u00e4ndel. Palau&#8221; subhead=&#8221;Palau de la M\u00fasica de Valencia. December 20, 2014&#8243; background_layout=&#8221;dark&#8221; text_orientation=&#8221;left&#8221; header_fullscreen=&#8221;on&#8221; header_scroll_down=&#8221;on&#8221; background_url=&#8221;http:\/\/alfredogarcia.com\/english\/wp-content\/uploads\/sites\/5\/2015\/07\/MG_8288.jpg&#8221; parallax=&#8221;on&#8221; parallax_method=&#8221;off&#8221; content_orientation=&#8221;bottom&#8221; image_orientation=&#8221;bottom&#8221; title_font=&#8221;|on||on|&#8221; title_font_size=&#8221;34&#8243; content_font_size=&#8221;19&#8243; custom_button_one=&#8221;off&#8221; button_one_letter_spacing=&#8221;0&#8243; button_one_use_icon=&#8221;default&#8221; button_one_icon_placement=&#8221;right&#8221; button_one_on_hover=&#8221;on&#8221; button_one_letter_spacing_hover=&#8221;0&#8243; custom_button_two=&#8221;off&#8221; button_two_letter_spacing=&#8221;0&#8243; button_two_use_icon=&#8221;default&#8221; button_two_icon_placement=&#8221;right&#8221; button_two_on_hover=&#8221;on&#8221; button_two_letter_spacing_hover=&#8221;0&#8243; scroll_down_icon=&#8221;%%1%%&#8221; subhead_font=&#8221;Old Standard TT|on|||&#8221; content_font=&#8221;|on|||&#8221; subhead_font_size=&#8221;20px&#8221; background_overlay_color=&#8221;rgba(33,33,33,0.45)&#8221;] ___________________________________________________ \u00a0 <b>Raquel Lojendio<\/b>, soprano \u00a0 <b>Cristina Faus<\/b>, mezzo-soprano \u00a0 <b>Agust\u00edn Prunell-Friend<\/b>, tenor \u00a0 <strong>Alfredo Garc\u00eda<\/strong>,\u00a0baritone \u00a0 <strong>ORQUESTA DE VALENCIA<\/strong> <strong>Coro Catedralicio de Valencia<\/strong> <strong>Jos\u00e9 Mar\u00eda Moreno,<\/strong>\u00a0conductor [\/et_pb_fullwidth_header][\/et_pb_section][et_pb_section admin_label=&#8221;section&#8221; fullwidth=&#8221;off&#8221; specialty=&#8221;off&#8221; background_image=&#8221;http:\/\/alfredogarcia.com\/english\/wp-content\/uploads\/sites\/5\/2015\/02\/minimalistic-gray_003422191.jpg&#8221; transparent_background=&#8221;off&#8221; allow_player_pause=&#8221;off&#8221; inner_shadow=&#8221;off&#8221; parallax=&#8221;on&#8221; parallax_method=&#8221;off&#8221; padding_mobile=&#8221;off&#8221; make_fullwidth=&#8221;off&#8221; use_custom_width=&#8221;off&#8221; width_unit=&#8221;on&#8221; make_equal=&#8221;off&#8221; use_custom_gutter=&#8221;off&#8221;][et_pb_row admin_label=&#8221;row&#8221; make_fullwidth=&#8221;on&#8221; use_custom_width=&#8221;off&#8221; width_unit=&#8221;on&#8221; use_custom_gutter=&#8221;on&#8221; gutter_width=&#8221;1&#8243; padding_mobile=&#8221;off&#8221; allow_player_pause=&#8221;off&#8221; parallax=&#8221;off&#8221; parallax_method=&#8221;off&#8221; make_equal=&#8221;off&#8221;][et_pb_column type=&#8221;4_4&#8243;][et_pb_text admin_label=&#8221;Texto&#8221; background_layout=&#8221;light&#8221; text_orientation=&#8221;left&#8221; use_border_color=&#8221;off&#8221; border_color=&#8221;#ffffff&#8221; border_style=&#8221;solid&#8221;] <div id=\"jig1\" class=\"justified-image-grid jig-31288afc3003f381cd1b6a7136e31ed0 jig-preset-2\"><div class=\"jig-clearfix\"><\/div><noscript id=\"jig1-html\" class=\"justified-image-grid-html\" data-lazy-src=\"skiplazyload\" data-src=\"skipunveillazyload\"><ul><li><a href=\"https:\/\/alfredogarcia.com\/english\/wp-content\/uploads\/sites\/5\/2015\/07\/MG_8369-1024x683.jpg\" title=\"Singers of the Messiah by H\u00e4ndel\"><img decoding=\"async\" loading=\"lazy\" src=\"https:\/\/alfredogarcia.com\/english\/wp-content\/plugins\/justified-image-grid\/timthumb.php?src=https%3A%2F%2Falfredogarcia.com%2Fenglish%2Fwp-content%2Fuploads%2Fsites%2F5%2F2015%2F07%2FMG_8369-1024x683.jpg&amp;h=365&amp;q=90&amp;f=.jpg\" alt=\"With Agust\u00edn Prunel, Raquel Lojendio y Cristina Faus\" width=\"547\" height=\"365\" \/><\/a><p class=\"jig-HTMLdescription\">With Agust\u00edn Prunel, Raquel Lojendio y Cristina Faus<br\/>Singers of the Messiah by H\u00e4ndel<\/p><\/li><li><a href=\"https:\/\/alfredogarcia.com\/english\/wp-content\/uploads\/sites\/5\/2015\/07\/MG_8288-1024x683.jpg\" title=\"Messiah by H\u00e4ndel\"><img decoding=\"async\" loading=\"lazy\" src=\"https:\/\/alfredogarcia.com\/english\/wp-content\/plugins\/justified-image-grid\/timthumb.php?src=https%3A%2F%2Falfredogarcia.com%2Fenglish%2Fwp-content%2Fuploads%2Fsites%2F5%2F2015%2F07%2FMG_8288-1024x683.jpg&amp;h=365&amp;q=90&amp;f=.jpg\" alt=\"Palau de la M\u00fasica de Valencia\" width=\"547\" height=\"365\" \/><\/a><p class=\"jig-HTMLdescription\">Palau de la M\u00fasica de Valencia<br\/>Messiah by H\u00e4ndel<\/p><\/li><li><a href=\"https:\/\/alfredogarcia.com\/english\/wp-content\/uploads\/sites\/5\/2015\/07\/10848719_762160083872618_4256142811241226657_o-1024x679.jpg\" title=\"Messiah by H\u00e4ndel\"><img decoding=\"async\" loading=\"lazy\" src=\"https:\/\/alfredogarcia.com\/english\/wp-content\/plugins\/justified-image-grid\/timthumb.php?src=https%3A%2F%2Falfredogarcia.com%2Fenglish%2Fwp-content%2Fuploads%2Fsites%2F5%2F2015%2F07%2F10848719_762160083872618_4256142811241226657_o-1024x679.jpg&amp;h=365&amp;q=90&amp;f=.jpg\" alt=\"Con Cristina Faus, Jos\u00e9 Mar\u00eda Moreno, Raquel Lojendio y Agust\u00edn Prunel-Friend. Palau de la M\u00fasica de Valencia\" width=\"550\" height=\"365\" \/><\/a><p class=\"jig-HTMLdescription\">Con Cristina Faus, Jos\u00e9 Mar\u00eda Moreno, Raquel Lojendio y Agust\u00edn Prunel-Friend. Palau de la M\u00fasica de Valencia<br\/>Messiah by H\u00e4ndel<\/p><\/li><\/ul><\/noscript><\/div> [\/et_pb_text][\/et_pb_column][\/et_pb_row][\/et_pb_section][et_pb_section admin_label=&#8221;section&#8221; fullwidth=&#8221;off&#8221; specialty=&#8221;off&#8221; transparent_background=&#8221;off&#8221; allow_player_pause=&#8221;off&#8221; inner_shadow=&#8221;off&#8221; parallax=&#8221;on&#8221; parallax_method=&#8221;off&#8221; padding_mobile=&#8221;off&#8221; make_fullwidth=&#8221;off&#8221; use_custom_width=&#8221;off&#8221; width_unit=&#8221;on&#8221; make_equal=&#8221;off&#8221; use_custom_gutter=&#8221;off&#8221; background_image=&#8221;http:\/\/alfredogarcia.com\/english\/wp-content\/uploads\/sites\/5\/2015\/02\/minimalistic-gray_003422191.jpg&#8221;][et_pb_row admin_label=&#8221;row&#8221; make_fullwidth=&#8221;on&#8221; use_custom_width=&#8221;off&#8221; width_unit=&#8221;on&#8221; use_custom_gutter=&#8221;on&#8221; gutter_width=&#8221;1&#8243; padding_mobile=&#8221;off&#8221; allow_player_pause=&#8221;off&#8221; parallax=&#8221;off&#8221; parallax_method=&#8221;off&#8221; make_equal=&#8221;off&#8221; parallax_1=&#8221;off&#8221; parallax_method_1=&#8221;off&#8221; column_padding_mobile=&#8221;on&#8221;][et_pb_column type=&#8221;4_4&#8243;][et_pb_text admin_label=&#8221;Texto&#8221; background_layout=&#8221;light&#8221; text_orientation=&#8221;center&#8221; use_border_color=&#8221;off&#8221; border_color=&#8221;#ffffff&#8221; border_style=&#8221;solid&#8221;]\n<p style=\"text-align: center;\"><div class='et-box et-shadow'>\n\t\t\t\t\t<div class='et-box-content'><h3 style=\"text-align: center;\">Other concerts with Messiah<\/h3>\n<p style=\"text-align: center;\"><\/div><\/div> [\/et_pb_text][et_pb_post_slider admin_label=&#8221;Post Slider&#8221; posts_number=&#8221;20&#8243; include_categories=&#8221;51&#8243; orderby=&#8221;date_desc&#8221; show_arrows=&#8221;on&#8221; show_pagination=&#8221;on&#8221; show_more_button=&#8221;on&#8221; content_source=&#8221;off&#8221; use_manual_excerpt=&#8221;on&#8221; show_meta=&#8221;off&#8221; background_layout=&#8221;dark&#8221; show_image=&#8221;on&#8221; image_placement=&#8221;background&#8221; parallax=&#8221;on&#8221; parallax_method=&#8221;off&#8221; use_bg_overlay=&#8221;on&#8221; use_text_overlay=&#8221;on&#8221; text_overlay_color=&#8221;rgba(122,122,122,0.43)&#8221; remove_inner_shadow=&#8221;off&#8221; background_position=&#8221;default&#8221; background_size=&#8221;default&#8221; auto=&#8221;on&#8221; auto_speed=&#8221;6000&#8243; auto_ignore_hover=&#8221;on&#8221; hide_content_on_mobile=&#8221;off&#8221; hide_cta_on_mobile=&#8221;off&#8221; show_image_video_mobile=&#8221;off&#8221; meta_letter_spacing=&#8221;0&#8243; custom_button=&#8221;off&#8221; button_letter_spacing=&#8221;0&#8243; button_use_icon=&#8221;default&#8221; button_icon_placement=&#8221;right&#8221; button_on_hover=&#8221;on&#8221; button_letter_spacing_hover=&#8221;0&#8243; top_padding=&#8221;5px&#8221; bottom_padding=&#8221;5px&#8221; saved_tabs=&#8221;all&#8221;] [\/et_pb_post_slider][\/et_pb_column][\/et_pb_row][\/et_pb_section]\n","protected":false},"excerpt":{"rendered":"<p>Raquel Lojendio, soprano<br \/>\nCristina Faus, mezzo-soprano<br \/>\nAgust\u00edn Prunell-Friend, tenor<br \/>\nAlfredo Garc\u00eda, baritone<\/p>\n<p>ORQUESTA DE VALENCIA<br \/>\nCoro Catedralicio de Valencia<br \/>\nJos\u00e9 Mar\u00eda Moreno, director<\/p>\n","protected":false},"author":1,"featured_media":733,"comment_status":"open","ping_status":"open","sticky":false,"template":"","format":"standard","meta":{"_et_pb_use_builder":"on","_et_pb_old_content":"","_et_gb_content_width":"","_mi_skip_tracking":false,"_links_to":"","_links_to_target":""},"categories":[14,51],"tags":[],"yoast_head":"<!-- This site is optimized with the Yoast SEO plugin v20.3 - https:\/\/yoast.com\/wordpress\/plugins\/seo\/ -->\n<title>Messiah by H\u00e4ndel. Palau de la M\u00fasica de Valencia - Alfredo Garc\u00eda<\/title>\n<meta name=\"description\" content=\"Messiah by DE G.F. HAENDEL at the Palau de la M\u00fasica de Valencia, Raquel Lojendio, soprano, Cristina Faus, mezzo-soprano, Agust\u00edn Prunell-Friend, tenor, Alfredo Garc\u00eda, baritone. Jos\u00e9 Mar\u00eda Moreno, conductor\" \/>\n<meta name=\"robots\" content=\"index, follow, max-snippet:-1, max-image-preview:large, max-video-preview:-1\" \/>\n<link rel=\"canonical\" href=\"https:\/\/alfredogarcia.com\/english\/blog\/el-mesias-de-handel-palau-de-la-musica-de-valencia\/\" \/>\n<meta property=\"og:locale\" content=\"en_US\" \/>\n<meta property=\"og:type\" content=\"article\" \/>\n<meta property=\"og:title\" content=\"Messiah by H\u00e4ndel. Palau de la M\u00fasica de Valencia - Alfredo Garc\u00eda\" \/>\n<meta property=\"og:description\" content=\"Messiah by DE G.F. HAENDEL at the Palau de la M\u00fasica de Valencia, Raquel Lojendio, soprano, Cristina Faus, mezzo-soprano, Agust\u00edn Prunell-Friend, tenor, Alfredo Garc\u00eda, baritone. Jos\u00e9 Mar\u00eda Moreno, conductor\" \/>\n<meta property=\"og:url\" content=\"https:\/\/alfredogarcia.com\/english\/blog\/el-mesias-de-handel-palau-de-la-musica-de-valencia\/\" \/>\n<meta property=\"og:site_name\" content=\"Alfredo Garc\u00eda\" \/>\n<meta property=\"article:published_time\" content=\"2014-12-20T14:51:14+00:00\" \/>\n<meta property=\"article:modified_time\" content=\"2016-02-19T13:14:37+00:00\" \/>\n<meta property=\"og:image\" content=\"https:\/\/alfredogarcia.com\/english\/wp-content\/uploads\/sites\/5\/2015\/06\/jose_maria_moreno_foto_bio.jpg\" \/>\n\t<meta property=\"og:image:width\" content=\"640\" \/>\n\t<meta property=\"og:image:height\" content=\"480\" \/>\n\t<meta property=\"og:image:type\" content=\"image\/jpeg\" \/>\n<meta name=\"author\" content=\"Alfredo Garc\u00eda\" \/>\n<meta name=\"twitter:card\" content=\"summary_large_image\" \/>\n<meta name=\"twitter:label1\" content=\"Written by\" \/>\n\t<meta name=\"twitter:data1\" content=\"Alfredo Garc\u00eda\" \/>\n\t<meta name=\"twitter:label2\" content=\"Est. reading time\" \/>\n\t<meta name=\"twitter:data2\" content=\"3 minutes\" \/>\n<script type=\"application\/ld+json\" class=\"yoast-schema-graph\">{\"@context\":\"https:\/\/schema.org\",\"@graph\":[{\"@type\":\"WebPage\",\"@id\":\"https:\/\/alfredogarcia.com\/english\/blog\/el-mesias-de-handel-palau-de-la-musica-de-valencia\/\",\"url\":\"https:\/\/alfredogarcia.com\/english\/blog\/el-mesias-de-handel-palau-de-la-musica-de-valencia\/\",\"name\":\"Messiah by H\u00e4ndel. Palau de la M\u00fasica de Valencia - Alfredo Garc\u00eda\",\"isPartOf\":{\"@id\":\"https:\/\/alfredogarcia.com\/english\/#website\"},\"datePublished\":\"2014-12-20T14:51:14+00:00\",\"dateModified\":\"2016-02-19T13:14:37+00:00\",\"author\":{\"@id\":\"https:\/\/alfredogarcia.com\/english\/#\/schema\/person\/f1c2e0d40fcd4deaa92f7585f4661c78\"},\"description\":\"Messiah by DE G.F. HAENDEL at the Palau de la M\u00fasica de Valencia, Raquel Lojendio, soprano, Cristina Faus, mezzo-soprano, Agust\u00edn Prunell-Friend, tenor, Alfredo Garc\u00eda, baritone. Jos\u00e9 Mar\u00eda Moreno, conductor\",\"breadcrumb\":{\"@id\":\"https:\/\/alfredogarcia.com\/english\/blog\/el-mesias-de-handel-palau-de-la-musica-de-valencia\/#breadcrumb\"},\"inLanguage\":\"en-US\",\"potentialAction\":[{\"@type\":\"ReadAction\",\"target\":[\"https:\/\/alfredogarcia.com\/english\/blog\/el-mesias-de-handel-palau-de-la-musica-de-valencia\/\"]}]},{\"@type\":\"BreadcrumbList\",\"@id\":\"https:\/\/alfredogarcia.com\/english\/blog\/el-mesias-de-handel-palau-de-la-musica-de-valencia\/#breadcrumb\",\"itemListElement\":[{\"@type\":\"ListItem\",\"position\":1,\"name\":\"Portada\",\"item\":\"https:\/\/alfredogarcia.com\/english\/\"},{\"@type\":\"ListItem\",\"position\":2,\"name\":\"Messiah by H\u00e4ndel. Palau de la M\u00fasica de Valencia\"}]},{\"@type\":\"WebSite\",\"@id\":\"https:\/\/alfredogarcia.com\/english\/#website\",\"url\":\"https:\/\/alfredogarcia.com\/english\/\",\"name\":\"Alfredo Garc\u00eda\",\"description\":\"Bar\u00edtone\",\"potentialAction\":[{\"@type\":\"SearchAction\",\"target\":{\"@type\":\"EntryPoint\",\"urlTemplate\":\"https:\/\/alfredogarcia.com\/english\/?s={search_term_string}\"},\"query-input\":\"required name=search_term_string\"}],\"inLanguage\":\"en-US\"},{\"@type\":\"Person\",\"@id\":\"https:\/\/alfredogarcia.com\/english\/#\/schema\/person\/f1c2e0d40fcd4deaa92f7585f4661c78\",\"name\":\"Alfredo Garc\u00eda\",\"image\":{\"@type\":\"ImageObject\",\"inLanguage\":\"en-US\",\"@id\":\"https:\/\/alfredogarcia.com\/english\/#\/schema\/person\/image\/\",\"url\":\"https:\/\/secure.gravatar.com\/avatar\/3bab137e283fa6ad0711e570e917daed?s=96&d=mm&r=g\",\"contentUrl\":\"https:\/\/secure.gravatar.com\/avatar\/3bab137e283fa6ad0711e570e917daed?s=96&d=mm&r=g\",\"caption\":\"Alfredo Garc\u00eda\"},\"url\":\"https:\/\/alfredogarcia.com\/english\/blog\/author\/similaresoldofa\/\"}]}<\/script>\n<!-- \/ Yoast SEO plugin. -->","yoast_head_json":{"title":"Messiah by H\u00e4ndel. Palau de la M\u00fasica de Valencia - Alfredo Garc\u00eda","description":"Messiah by DE G.F. HAENDEL at the Palau de la M\u00fasica de Valencia, Raquel Lojendio, soprano, Cristina Faus, mezzo-soprano, Agust\u00edn Prunell-Friend, tenor, Alfredo Garc\u00eda, baritone. Jos\u00e9 Mar\u00eda Moreno, conductor","robots":{"index":"index","follow":"follow","max-snippet":"max-snippet:-1","max-image-preview":"max-image-preview:large","max-video-preview":"max-video-preview:-1"},"canonical":"https:\/\/alfredogarcia.com\/english\/blog\/el-mesias-de-handel-palau-de-la-musica-de-valencia\/","og_locale":"en_US","og_type":"article","og_title":"Messiah by H\u00e4ndel. Palau de la M\u00fasica de Valencia - Alfredo Garc\u00eda","og_description":"Messiah by DE G.F. HAENDEL at the Palau de la M\u00fasica de Valencia, Raquel Lojendio, soprano, Cristina Faus, mezzo-soprano, Agust\u00edn Prunell-Friend, tenor, Alfredo Garc\u00eda, baritone. Jos\u00e9 Mar\u00eda Moreno, conductor","og_url":"https:\/\/alfredogarcia.com\/english\/blog\/el-mesias-de-handel-palau-de-la-musica-de-valencia\/","og_site_name":"Alfredo Garc\u00eda","article_published_time":"2014-12-20T14:51:14+00:00","article_modified_time":"2016-02-19T13:14:37+00:00","og_image":[{"width":640,"height":480,"url":"https:\/\/alfredogarcia.com\/english\/wp-content\/uploads\/sites\/5\/2015\/06\/jose_maria_moreno_foto_bio.jpg","type":"image\/jpeg"}],"author":"Alfredo Garc\u00eda","twitter_card":"summary_large_image","twitter_misc":{"Written by":"Alfredo Garc\u00eda","Est. reading time":"3 minutes"},"schema":{"@context":"https:\/\/schema.org","@graph":[{"@type":"WebPage","@id":"https:\/\/alfredogarcia.com\/english\/blog\/el-mesias-de-handel-palau-de-la-musica-de-valencia\/","url":"https:\/\/alfredogarcia.com\/english\/blog\/el-mesias-de-handel-palau-de-la-musica-de-valencia\/","name":"Messiah by H\u00e4ndel. Palau de la M\u00fasica de Valencia - Alfredo Garc\u00eda","isPartOf":{"@id":"https:\/\/alfredogarcia.com\/english\/#website"},"datePublished":"2014-12-20T14:51:14+00:00","dateModified":"2016-02-19T13:14:37+00:00","author":{"@id":"https:\/\/alfredogarcia.com\/english\/#\/schema\/person\/f1c2e0d40fcd4deaa92f7585f4661c78"},"description":"Messiah by DE G.F. HAENDEL at the Palau de la M\u00fasica de Valencia, Raquel Lojendio, soprano, Cristina Faus, mezzo-soprano, Agust\u00edn Prunell-Friend, tenor, Alfredo Garc\u00eda, baritone. Jos\u00e9 Mar\u00eda Moreno, conductor","breadcrumb":{"@id":"https:\/\/alfredogarcia.com\/english\/blog\/el-mesias-de-handel-palau-de-la-musica-de-valencia\/#breadcrumb"},"inLanguage":"en-US","potentialAction":[{"@type":"ReadAction","target":["https:\/\/alfredogarcia.com\/english\/blog\/el-mesias-de-handel-palau-de-la-musica-de-valencia\/"]}]},{"@type":"BreadcrumbList","@id":"https:\/\/alfredogarcia.com\/english\/blog\/el-mesias-de-handel-palau-de-la-musica-de-valencia\/#breadcrumb","itemListElement":[{"@type":"ListItem","position":1,"name":"Portada","item":"https:\/\/alfredogarcia.com\/english\/"},{"@type":"ListItem","position":2,"name":"Messiah by H\u00e4ndel. Palau de la M\u00fasica de Valencia"}]},{"@type":"WebSite","@id":"https:\/\/alfredogarcia.com\/english\/#website","url":"https:\/\/alfredogarcia.com\/english\/","name":"Alfredo Garc\u00eda","description":"Bar\u00edtone","potentialAction":[{"@type":"SearchAction","target":{"@type":"EntryPoint","urlTemplate":"https:\/\/alfredogarcia.com\/english\/?s={search_term_string}"},"query-input":"required name=search_term_string"}],"inLanguage":"en-US"},{"@type":"Person","@id":"https:\/\/alfredogarcia.com\/english\/#\/schema\/person\/f1c2e0d40fcd4deaa92f7585f4661c78","name":"Alfredo Garc\u00eda","image":{"@type":"ImageObject","inLanguage":"en-US","@id":"https:\/\/alfredogarcia.com\/english\/#\/schema\/person\/image\/","url":"https:\/\/secure.gravatar.com\/avatar\/3bab137e283fa6ad0711e570e917daed?s=96&d=mm&r=g","contentUrl":"https:\/\/secure.gravatar.com\/avatar\/3bab137e283fa6ad0711e570e917daed?s=96&d=mm&r=g","caption":"Alfredo Garc\u00eda"},"url":"https:\/\/alfredogarcia.com\/english\/blog\/author\/similaresoldofa\/"}]}},"_links":{"self":[{"href":"https:\/\/alfredogarcia.com\/english\/wp-json\/wp\/v2\/posts\/1217"}],"collection":[{"href":"https:\/\/alfredogarcia.com\/english\/wp-json\/wp\/v2\/posts"}],"about":[{"href":"https:\/\/alfredogarcia.com\/english\/wp-json\/wp\/v2\/types\/post"}],"author":[{"embeddable":true,"href":"https:\/\/alfredogarcia.com\/english\/wp-json\/wp\/v2\/users\/1"}],"replies":[{"embeddable":true,"href":"https:\/\/alfredogarcia.com\/english\/wp-json\/wp\/v2\/comments?post=1217"}],"version-history":[{"count":21,"href":"https:\/\/alfredogarcia.com\/english\/wp-json\/wp\/v2\/posts\/1217\/revisions"}],"predecessor-version":[{"id":3247,"href":"https:\/\/alfredogarcia.com\/english\/wp-json\/wp\/v2\/posts\/1217\/revisions\/3247"}],"wp:featuredmedia":[{"embeddable":true,"href":"https:\/\/alfredogarcia.com\/english\/wp-json\/wp\/v2\/media\/733"}],"wp:attachment":[{"href":"https:\/\/alfredogarcia.com\/english\/wp-json\/wp\/v2\/media?parent=1217"}],"wp:term":[{"taxonomy":"category","embeddable":true,"href":"https:\/\/alfredogarcia.com\/english\/wp-json\/wp\/v2\/categories?post=1217"},{"taxonomy":"post_tag","embeddable":true,"href":"https:\/\/alfredogarcia.com\/english\/wp-json\/wp\/v2\/tags?post=1217"}],"curies":[{"name":"wp","href":"https:\/\/api.w.org\/{rel}","templated":true}]}}